{"id":11181,"date":"2017-07-07T09:38:34","date_gmt":"2017-07-07T13:38:34","guid":{"rendered":"https:\/\/www.biogasworld.com\/?p=11181\/"},"modified":"2018-12-06T19:16:37","modified_gmt":"2018-12-07T00:16:37","slug":"biogasworld-hebdo-vol-11","status":"publish","type":"post","link":"https:\/\/biogasworld.com\/fr\/news\/biogasworld-hebdo-vol-11\/","title":{"rendered":"BiogasWorld hebdo vol 11"},"content":{"rendered":"<h3><span style=\"color: #000daa;\"><strong>Lancement des \u00abd\u00e9marche pr\u00e9paratoires \u00bb pour le Centre de biom\u00e9thanisation, un m\u00e9gaprojet de 98,5 millions $<\/strong><\/span><\/h3>\n<p style=\"text-align: justify;\"><strong>29 juin 2017<\/strong>\u00a0&#8211;\u00a0L\u2019agglom\u00e9ration de Qu\u00e9bec vient d\u2019adopter un r\u00e8glement d\u00e9taillant \u00ab les travaux et d\u00e9marches pr\u00e9paratoires \u00e0 la construction du Centre de biom\u00e9thanisation \u00bb, un m\u00e9gaprojet de 98,5 millions $.<strong>\u00a0<\/strong>Le projet \u00ab n\u00e9cessite l\u2019octroi des contrats de services professionnels et techniques en architecture, en ing\u00e9nierie, en gestion environnementale ainsi qu\u2019en toute sp\u00e9cialit\u00e9 requise \u00bb, peut-on lire dans le document rendu public jeudi. La Ville s\u2019attend \u00e0 recevoir une subvention de 54 millions $ pour la r\u00e9alisation de cet \u00e9quipement. Le r\u00e8glement d\u2019emprunt porte sur un montant de 73 millions $ remboursable sur une p\u00e9riode de 15 ans.<\/p>\n<p style=\"text-align: justify;\"><a href=\"http:\/\/www.journaldequebec.com\/2017\/06\/29\/lancement-des-demarches-preparatoires-pour-le-centre-de-biomethanisation?utm_content=buffer0f901&amp;utm_medium=social&amp;utm_source=twitter.com&amp;utm_campaign=buffer\" target=\"_blank\" rel=\"noopener noreferrer\"><span style=\"color: #00d37d;\"><strong>Lire plus sur\u00a0Le\u00a0Journal de Qu\u00e9bec<\/strong><\/span><\/a><\/p>\n<h3 style=\"text-align: left;\"><\/h3>\n<h3><span style=\"color: #000daa;\"><strong>V\u00e9hicules GNV : la base Data-CID garantit la s\u00e9curit\u00e9 et les performances de la fili\u00e8re<\/strong><\/span><\/h3>\n<p style=\"text-align: justify;\"><strong>30 juin 2017<\/strong>\u00a0&#8211;\u00a0Mise en place en 2002 \u00e0 l\u2019initiative de l\u2019AFGNV, la base Data-CID centralise depuis 15 ans tous les contr\u00f4les \u00ab\u00a0haute pression\u00a0\u00bb r\u00e9alis\u00e9s sur les bus au gaz naturel en circulation dans l\u2019hexagone. Avec Michel Gouez, repr\u00e9sentant de la commission bus de l\u2019AFGNV, et Bruno Bruez, r\u00e9f\u00e9rent formation au sein du CETIM, Gaz-Mobilit\u00e9 revient sur cette base de donn\u00e9es indispensable pour la fili\u00e8re.<\/p>\n<p style=\"text-align: justify;\"><a href=\"http:\/\/www.gaz-mobilite.fr\/actus\/vehicules-gnv-data-cid-securite-performances-filiere-gaz-naturel-1637.html\" target=\"_blank\" rel=\"noopener noreferrer\"><span style=\"color: #00d37d;\"><strong>Lire plus sur\u00a0Gaz mobilit\u00e9<\/strong><\/span><\/a><\/p>\n<h3 style=\"text-align: left;\"><\/h3>\n<h3 style=\"text-align: left;\"><span style=\"color: #000daa;\"><strong>Donald Trump mise sur les exportations de GNL vers l&rsquo;Europe de l&rsquo;Est<\/strong><\/span><\/h3>\n<p style=\"text-align: justify;\"><strong>4 juillet 2017<\/strong>\u00a0&#8211; Le pr\u00e9sident am\u00e9ricain Donald\u00a0Trump pr\u00e9voit de promouvoir les exportations de gaz naturel liqu\u00e9fi\u00e9 lors d\u2019un sommet \u00e0 Varsovie le 6\u00a0juillet prochain, aux c\u00f4t\u00e9s d\u2019une douzaine de dirigeants d\u2019Europe centrale et de l\u2019Est, une r\u00e9gion fortement d\u00e9pendante du gaz russe. Donald\u00a0Trump a salu\u00e9, dans un discours, le d\u00e9but d\u2019un \u00ab\u00a0\u00e2ge d\u2019or\u00a0\u00bb durant laquelle les entreprises am\u00e9ricaines d\u2019\u00e9nergie assoiront leur pouvoir \u00e0 l\u2019\u00e9tranger gr\u00e2ce \u00e0 des exportations de gaz naturel, de charbon et de p\u00e9trole. Apr\u00e8s avoir pass\u00e9 des ann\u00e9es dans le r\u00f4le d\u2019importateur majeur de gaz naturel, les \u00c9tats-Unis devraient devenir un exportateur net cette ann\u00e9e ou en 2018, gr\u00e2ce au d\u00e9veloppement de la fracturation hydraulique dans des \u00e9tats comme le Texas ou la Pennsylvanie.<\/p>\n<p style=\"text-align: justify;\"><a href=\"https:\/\/www.euractiv.fr\/section\/energie\/news\/trump-to-promote-us-lng-exports-at-warsaw-summit\/\" target=\"_blank\" rel=\"noopener noreferrer\"><span style=\"color: #00d37d;\"><strong>Lire plus sur\u00a0Euractiv<\/strong><\/span><\/a><\/p>\n<h3 style=\"text-align: left;\"><\/h3>\n<h3 style=\"text-align: left;\"><span style=\"color: #000daa;\"><strong>La Suisse a consomm\u00e9 plus de 5 millions de m3 de bois pour l&rsquo;\u00e9nergie en 2016<\/strong><\/span><\/h3>\n<p style=\"text-align: justify;\"><strong>6 juillet 2017<\/strong>\u00a0&#8211; Selon les estimations de la statistique de l\u2019\u00e9nergie-bois suisse qui viennent d\u2019\u00eatre publi\u00e9es par l\u2019OFEN (Office F\u00e9d\u00e9ral de l\u2019Energie), les quantit\u00e9s de bois-\u00e9nergie utilis\u00e9es dans le pays en 2016\u00a0d\u00e9passent, pour la premi\u00e8re fois depuis le d\u00e9but des relev\u00e9s statistiques en\u00a01990, les cinq\u00a0millions de m\u00e8tres cubes.\u00a0En 2016, la Suisse a tr\u00e8s exactement utilis\u00e9 5 055 646\u00a0m\u00e8tres cubes de bois-\u00e9nergie pour le chauffage ainsi que pour la production d\u2019eau chaude et d\u2019\u00e9lectricit\u00e9, contre seulement 3 250 360\u00a0m\u00e8tres cubes en 1990, dans les 692 497 appareils de chauffage\u00a0\u00e0 bois install\u00e9es \u00e0 l\u2019\u00e9poque. Certes le parc est redescendu \u00e0 573 532\u00a0installations en 2016, mais il a br\u00fbl\u00e9\u00a0plus de 5 millions de m3.<\/p>\n<p style=\"text-align: justify;\"><a href=\"https:\/\/www.bioenergie-promotion.fr\/52101\/la-suisse-a-consomme-plus-de-5-millions-de-m3-de-bois-pour-lenergie-en-2016\/?La%20Suisse%20a%20consomm%C3%A9%20plus%20de%205%20millions%20de%20m3%20de%20bois%20pour%20l%26%238217%3B%C3%A9nergie%20en%202016&amp;RSS&amp;RSS%20Reader\" target=\"_blank\" rel=\"noopener noreferrer\"><span style=\"color: #00d37d;\"><strong>Lire plus sur\u00a0Bio\u00e9nergie international<\/strong><\/span><\/a><\/p>\n<h3 style=\"text-align: left;\"><\/h3>\n<h3 style=\"text-align: left;\"><span style=\"color: #000daa;\"><strong>Inauguration de la chaufferie bois du r\u00e9seau de chaleur de Nevers<\/strong><\/span><\/h3>\n<p style=\"text-align: justify;\"><strong>6 juillet 2017<\/strong>\u00a0&#8211;\u00a0La chaufferie biomasse du\u00a0r\u00e9seau de chaleur de Nevers a \u00e9t\u00e9 inaugur\u00e9e le 30 juin 2017. Cette chaufferie biomasse, coupl\u00e9e avec la r\u00e9cup\u00e9ration de chaleur sur\u00a0alimente le r\u00e9seau en \u00e9nergies renouvelables \u00e0 hauteur de 71% et permettra de chauffer, \u00e0 terme, l\u2019\u00e9quivalent\u00a0de 8 000 logements.<\/p>\n<p style=\"text-align: justify;\"><a href=\"https:\/\/www.bioenergie-promotion.fr\/52094\/inauguration-de-la-chaufferie-bois-du-reseau-de-chaleur-de-nevers\/?Inauguration%20de%20la%20chaufferie%20bois%20du%20r%C3%A9seau%20de%20chaleur%20de%20Nevers&amp;RSS&amp;RSS%20Reader\" target=\"_blank\" rel=\"noopener noreferrer\"><span style=\"color: #00d37d;\"><strong>Lire plus sur\u00a0Bio\u00e9nergie international<\/strong><\/span><\/a><\/p>\n<h3 style=\"text-align: left;\"><span style=\"color: #000daa;\"><strong>Plan climat France, objectif \u00e0 32% d&rsquo;\u00e9nergie renouvelable confirm\u00e9 en 2030<\/strong><\/span><\/h3>\n<p style=\"text-align: justify;\"><strong>7 juillet 2017<\/strong>\u00a0&#8211;\u00a0Nicolas HULOT, ministre de la Transition Ecologique et Solidaire, a pr\u00e9sent\u00e9 le 6 juillet 2017 les grandes orientations du Plan Climat de la France. A cette occasion, il a rappel\u00e9 les objectifs EnR de la Loi de Transition Energ\u00e9tique pour la Croissance Verte (LTECV) et confirm\u00e9 la volont\u00e9 du Gouvernement d\u2019acc\u00e9l\u00e9rer leur d\u00e9veloppement.\u00a0Parmi les nombreux axes d\u2019actions pr\u00e9sent\u00e9s, le Ministre a rappel\u00e9 le rendez-vous de 2018 qui confirmera la politique \u00e9nerg\u00e9tique de la France avec la r\u00e9vision de la Programmation Pluriannuelle de l\u2019Energie et a\u00a0annonc\u00e9 la publication de la liste des appels d\u2019offres, dans un premier temps pour les DOM, puis, pour la m\u00e9tropole, au plus tard d\u2019ici un an.<\/p>\n<p style=\"text-align: justify;\"><a href=\"https:\/\/www.bioenergie-promotion.fr\/52111\/plan-climat-france-objectif-a-32-denergie-renouvelable-confirme-en-2030\/?Plan%20climat%20France%2C%20objectif%20%C3%A0%2032%25%20d%26%238217%3B%C3%A9nergie%20renouvelable%20confirm%C3%A9%20en%202030&amp;RSS&amp;RSS%20Reader\" target=\"_blank\" rel=\"noopener noreferrer\"><span style=\"color: #00d37d;\"><strong>Lire plus sur\u00a0Bio\u00e9nergie internationale<\/strong><\/span><\/a><\/p>\n<h3 style=\"text-align: left;\"><\/h3>\n<h3 style=\"text-align: left;\"><span style=\"color: #000daa;\"><strong>21 septembre 2017, le biogaz dans l&rsquo;agriculture et la gestion des d\u00e9chets<\/strong><\/span><\/h3>\n<p style=\"text-align: justify;\"><strong>7 juillet 2017<\/strong>\u00a0&#8211;\u00a0<span class=\"s1\">L\u2019Office franco-allemand pour la transition \u00e9nerg\u00e9tique (OFATE) organise le 21 septembre 2017 \u00e0 Paris au minist\u00e8re de la Transition \u00e9cologique et solidaire une conf\u00e9rence intitul\u00e9e \u201cLe biogaz dans la cha\u00eene de valeur locale : \u00a0agriculture et gestion des d\u00e9chets\u201d.<b>\u00a0<\/b><\/span><span class=\"s2\">En France et en Allemagne, le cadre r\u00e9glementaire et les m\u00e9canismes de soutien de la fili\u00e8re sont en \u00e9volution.<\/span><\/p>\n<p style=\"text-align: justify;\"><a href=\"https:\/\/www.bioenergie-promotion.fr\/51567\/21-septembre-2017-le-biogaz-dans-lagriculture-et-la-gestion-des-dechets\/?21%20septembre%202017%2C%20le%20biogaz%20dans%20l%26%238217%3Bagriculture%20et%20la%20gestion%20des%20d\u00e9chets&amp;RSS&amp;RSS%20Reader\" target=\"_blank\" rel=\"noopener noreferrer\"><span style=\"color: #00d37d;\"><strong>Lire plus sur\u00a0Bio\u00e9nergie international<\/strong><\/span><\/a><\/p>\n<h3><span style=\"color: #000daa;\"><strong>11 juillet 2017, conf\u00e9rence et d\u00e9monstrations sur la collecte de menue paille<\/strong><\/span><\/h3>\n<p><strong>7 juillet 2017<\/strong>\u00a0&#8211;\u00a0<span class=\"s1\">La journ\u00e9e de d\u00e9monstration a \u00e9t\u00e9 organis\u00e9e par le CREA avec le soutien de la soci\u00e9t\u00e9 Thierart et en collaboration avec Service Coop de France (SCDF) et le CIRCE, dans le cadre du projet europ\u00e9en AGROinLOG. L\u2019objectif principal d\u2019AGROinLOG est de d\u00e9montrer la pertinence des Centres Logistiques de Biomasses Int\u00e9gr\u00e9s (CLBI \u2013 IBLC en anglais) pour les produits alimentaires et non alimentaires, en \u00e9valuant leur faisabilit\u00e9 technique, environnementale et \u00e9conomique.<\/span><\/p>\n<p><a href=\"https:\/\/www.bioenergie-promotion.fr\/52114\/11-juillet-2017-conference-et-demonstrations-sur-la-collecte-de-menue-paille\/?11%20juillet%202017%2C%20conf\u00e9rence%20et%20d\u00e9monstrations%20sur%20la%20collecte%20de%20menue%20paille&amp;RSS&amp;RSS%20Reader\" target=\"_blank\" rel=\"noopener noreferrer\"><span style=\"color: #00d37d;\"><strong style=\"color: #00d37d;\">Lire plus sur\u00a0Bio\u00e9nergie international<\/strong><\/span><\/a><\/p>\n","protected":false},"excerpt":{"rendered":"Lancement des \u00abd\u00e9marche pr\u00e9paratoires \u00bb pour le Centre de biom\u00e9thanisation, un m\u00e9gaprojet de 98,5 millions $ 29 juin 2017\u00a0&#8211;\u00a0L\u2019agglom\u00e9ration de Qu\u00e9bec vient d\u2019adopter un r\u00e8glement d\u00e9taillant \u00ab les travaux et d\u00e9marches pr\u00e9paratoires \u00e0 la construction du Centre de biom\u00e9thanisation \u00bb, un m\u00e9gaprojet de 98,5 millions $.\u00a0Le projet \u00ab n\u00e9cessite l\u2019octroi des contrats de services professionnels&#8230; <br\/><span>Lire plus<\/span>","protected":false},"author":430,"featured_media":11233,"comment_status":"closed","ping_status":"open","sticky":false,"template":"","format":"standard","meta":{"_acf_changed":false,"content-type":"","footnotes":""},"categories":[4,43,418,447,372,414,287,415,448,275,254,438,271,437,444,441,445,365,436,446,288,416,253,31],"tags":[],"class_list":["post-11181","post","type-post","status-publish","format-standard","has-post-thumbnail","hentry","category-biomethanisation","category-biogaz","category-biomethane-fr","category-compost-fr","category-dechets-solides-municipaux","category-developpement-durable-fr","category-developpement-durable","category-digestat-fr","category-digestat-fr-2","category-digestion-anaerobie","category-energie-renouvelable","category-gaz-naturel-compresse-fr","category-gaz-naturel-pour-vehicule","category-gnc-fr","category-gnc-fr-2","category-gnl-fr","category-gnl-fr-2","category-gnr","category-gnv-fr","category-gnv-fr-2","category-matiere-residuelles-fertilisantes","category-matieres-residuelles-fertilisantes","category-renewable-energy","category-transport-gaz-naturel"],"acf":[],"_links":{"self":[{"href":"https:\/\/biogasworld.com\/fr\/wp-json\/wp\/v2\/posts\/11181","targetHints":{"allow":["GET"]}}],"collection":[{"href":"https:\/\/biogasworld.com\/fr\/wp-json\/wp\/v2\/posts"}],"about":[{"href":"https:\/\/biogasworld.com\/fr\/wp-json\/wp\/v2\/types\/post"}],"author":[{"embeddable":true,"href":"https:\/\/biogasworld.com\/fr\/wp-json\/wp\/v2\/users\/430"}],"replies":[{"embeddable":true,"href":"https:\/\/biogasworld.com\/fr\/wp-json\/wp\/v2\/comments?post=11181"}],"version-history":[{"count":0,"href":"https:\/\/biogasworld.com\/fr\/wp-json\/wp\/v2\/posts\/11181\/revisions"}],"wp:featuredmedia":[{"embeddable":true,"href":"https:\/\/biogasworld.com\/fr\/wp-json\/wp\/v2\/media\/11233"}],"wp:attachment":[{"href":"https:\/\/biogasworld.com\/fr\/wp-json\/wp\/v2\/media?parent=11181"}],"wp:term":[{"taxonomy":"category","embeddable":true,"href":"https:\/\/biogasworld.com\/fr\/wp-json\/wp\/v2\/categories?post=11181"},{"taxonomy":"post_tag","embeddable":true,"href":"https:\/\/biogasworld.com\/fr\/wp-json\/wp\/v2\/tags?post=11181"}],"curies":[{"name":"wp","href":"https:\/\/api.w.org\/{rel}","templated":true}]}}