{"id":14861,"date":"2017-11-30T14:33:28","date_gmt":"2017-11-30T19:33:28","guid":{"rendered":"https:\/\/www.biogasworld.com\/?p=14861\/"},"modified":"2017-12-01T09:18:39","modified_gmt":"2017-12-01T14:18:39","slug":"la-commission-de-lindustrie-et-de-lenergie-itre-du-parlement-europeen-adopte-un-objectif-de-35-denergies-renouvelables-dici-2030","status":"publish","type":"post","link":"https:\/\/biogasworld.com\/fr\/news\/la-commission-de-lindustrie-et-de-lenergie-itre-du-parlement-europeen-adopte-un-objectif-de-35-denergies-renouvelables-dici-2030\/","title":{"rendered":"La commission de l&rsquo;industrie et de l&rsquo;\u00e9nergie (ITRE) du Parlement europ\u00e9en adopte un objectif de 35% d&rsquo;\u00e9nergies renouvelables d&rsquo;ici 2030"},"content":{"rendered":"<p><strong>La commission de l&rsquo;industrie et de l&rsquo;\u00e9nergie (ITRE) du Parlement europ\u00e9en a adopt\u00e9, le 28 novembre 2017, un objectif fixant \u00e0 35\u00a0% la part d&rsquo;\u00e9nergies renouvelables de l&rsquo;UE d&rsquo;ici 2030. R\u00e9mi Gruet, Pr\u00e9sident de Ocean Energy Europe, a f\u00e9licit\u00e9 le \u00ab\u00a0haut degr\u00e9 d\u2019ambition\u00a0\u00bb de la commission parlementaire. Il a affirm\u00e9 que cette cible maintiendrait l&rsquo;Europe dans la course au leadership technologique mondial des \u00e9nergies renouvelables et g\u00e9n\u00e9rerait des emplois, des opportunit\u00e9s de croissance et d&rsquo;exportation.<\/strong><\/p>\n<p>L&rsquo;ITRE a \u00e9galement approuv\u00e9 un objectif contraignant visant \u00e0 r\u00e9duire les \u00e9missions de gaz \u00e0 effet de serre de 40% d&rsquo;ici 2030 (33 voix pour, 30 contre et 2 abstentions). Cet objectif repr\u00e9sente une am\u00e9lioration consid\u00e9rable par rapport \u00e0 l&rsquo;objectif de 27% fix\u00e9 par la derni\u00e8re version 2020-2030, propos\u00e9e par la Commission europ\u00e9enne. Cependant, il constitue un\u00a0abaissement par rapport \u00e0 l\u2019objectif de 45\u00a0%, d\u00e9fendu par le groupe socialiste.<\/p>\n<p>Les Verts, moins satisfaits,\u00a0soutiennent que cet objectif est le strict minimum requis pour que l\u2019UE atteigne ses engagements dans le cadre de l\u2019Accord de Paris sur le climat. Pour les Verts, les \u00e9nergies renouvelables doivent au moins repr\u00e9senter 38 % pour que le r\u00e9chauffement climatique mondial n\u2019exc\u00e8de pas la limite de 1.5\u00b0C adopt\u00e9e en 2015.<\/p>\n<p>Tout comme les Verts, Jos\u00e9 Blanco L\u00f3pez, eurod\u00e9put\u00e9 responsable de la proposition, soutenait au d\u00e9part un objectif de 45\u00a0% de renouvelables d\u2019ici 2030. \u00ab La commission de l&rsquo;industrie et de l&rsquo;\u00e9nergie du Parlement europ\u00e9en vient d&rsquo;envoyer un message fort en fixant un objectif contraignant de 35% de la part d&rsquo;\u00e9nergie renouvelable dans l&rsquo;UE: l&rsquo;Europe doit \u00eatre plus ambitieuse si elle veut remplir ses engagements, lutter contre le changement climatique et r\u00e9ussir la transition \u00e9nerg\u00e9tique. \u00bb<\/p>\n<h3><span style=\"color: #000daa;\">Secteur des transports : 12% d&rsquo;\u00e9nergies renouvelables<\/span><\/h3>\n<p>Les propositions l\u00e9gislatives du comit\u00e9 comprennent \u00e9galement des mesures visant \u00e0 promouvoir l&rsquo;autoconsommation d&rsquo;\u00e9nergie renouvelable.\u00a0Dans le secteur des transports,\u00a0au moins 12% de la consommation d&rsquo;\u00e9nergie de chaque \u00c9tat membre devrait provenir des \u00e9nergies renouvelables<\/p>\n<p>\u00ab Par ces objectifs, nous allons non seulement progresser dans la transition vers une \u00e9conomie d\u00e9carbon\u00e9e, mais nous renforcerons \u00e9galement notre s\u00e9curit\u00e9 \u00e9nerg\u00e9tique et notre \u00e9conomie, en cr\u00e9ant \u00e9galement des emplois hautement qualifi\u00e9s \u00bb, a affirm\u00e9\u00a0Jos\u00e9 Blanco L\u00f3pez<\/p>\n<h3><span style=\"color: #000daa;\">Cadres r\u00e9glementaires et suppressions des taxes<\/span><\/h3>\n<p>Dans leur d\u00e9claration, les membres d&rsquo;ITRE ont soulign\u00e9 l&rsquo;importance pour les pays de l&rsquo;UE de \u00ab cr\u00e9er des cadres r\u00e9glementaires stables et d&rsquo;\u00e9viter des changements fr\u00e9quents dans leurs l\u00e9gislations respectives pour l&rsquo;\u00e9nergie et les \u00e9nergies renouvelables. \u00bb<\/p>\n<p>Ils ont\u00a0aussi propos\u00e9 la suppression des charges, redevances ou taxes impos\u00e9es \u00e0 l&rsquo;autoconsommation et \u00e0 l&rsquo;\u00e9valuation des obstacles existants qui entravent son d\u00e9veloppement.<\/p>\n<h3><span style=\"color: #000daa;\">Accueil chaleureux par les associations<\/span><\/h3>\n<p>Plusieurs associations d&rsquo;\u00e9nergie renouvelable soutiennent ces objectifs, notamment SolarPower Europe, qui a soulign\u00e9 l&rsquo;importance de ces ambitions\u00a0qui permettront de cr\u00e9er des emplois et des investissements dans les \u00e9nergies renouvelables.<\/p>\n<p>\u00ab Le Parlement europ\u00e9en a fait preuve d&rsquo;ambition en adoptant un objectif contraignant d&rsquo;au moins 35% d&rsquo;ici 2030. Cela permettra de cr\u00e9er plus d&#8217;emplois et d&rsquo;installer davantage d&rsquo;\u00e9nergie solaire en Europe, c&rsquo;est exactement ce dont nous avons besoin pour acc\u00e9l\u00e9rer la transition \u00e9nerg\u00e9tique europ\u00e9enne. Gr\u00e2ce \u00e0 ce vote, les d\u00e9put\u00e9s envoient un signal clair, \u00e0 savoir que les Europ\u00e9ens s&rsquo;attendent \u00e0 ce que les investissements dans les \u00e9nergies renouvelables augmentent au cours de la prochaine d\u00e9cennie par rapport \u00e0 l&rsquo;actuel. Nous appelons maintenant le Conseil \u00e0 soutenir ces ambitions et \u00e0 faire en sorte que l&rsquo;Europe prenne les r\u00eanes des \u00e9nergies renouvelables \u00ab\u00a0, a d\u00e9clar\u00e9 le PDG, James Watson.<\/p>\n<p>&nbsp;<\/p>\n<p><strong><span style=\"color: #000daa;\">____________________________<\/span><\/strong><\/p>\n<h3 style=\"text-align: left;\"><span style=\"color: #000daa;\">Sources<\/span><\/h3>\n<ul>\n<li>Actu Environnement : <a href=\"https:\/\/www.actu-environnement.com\/ae\/news\/paquet-energie-propre-objectifs-europeens-hausse-efficacite-renouvelables-30143.php4\" target=\"_blank\">Paquet \u00e9nergie propre\u00a0: en commission, les d\u00e9put\u00e9s europ\u00e9ens revoient les objectifs \u00e0 la hausse<\/a><\/li>\n<li>Euractiv : <a href=\"https:\/\/www.euractiv.fr\/section\/energie\/news\/meps-to-vote-on-strict-minimum-35-renewables-target\" target=\"_blank\">Les eurod\u00e9put\u00e9s s\u2019appr\u00eatent \u00e0 d\u00e9fendre un objectif renouvelables de 35%<\/a><\/li>\n<li>Bioenergy News : <a href=\"http:\/\/www.bioenergy-news.com\/display_news\/13207\/target_of_35_renewables_by_2030_set_for_european_energy_sector\" target=\"_blank\">Target of 35% renewables by 2030 set for European energy sector<\/a><\/li>\n<li>pv magazine : <a href=\"https:\/\/www.pv-magazine.com\/2017\/11\/29\/eu-energy-committees-proposal-to-upgrade-2030-re-target-to-35-welcomed\" target=\"_blank\">EU Energy Committee\u2019s proposal to upgrade 2030 RE target to 35% welcomed<\/a><\/li>\n<\/ul>\n","protected":false},"excerpt":{"rendered":"La commission de l&rsquo;industrie et de l&rsquo;\u00e9nergie (ITRE) du Parlement europ\u00e9en a adopt\u00e9, le 28 novembre 2017, un objectif fixant \u00e0 35\u00a0% la part d&rsquo;\u00e9nergies renouvelables de l&rsquo;UE d&rsquo;ici 2030. R\u00e9mi Gruet, Pr\u00e9sident de Ocean Energy Europe, a f\u00e9licit\u00e9 le \u00ab\u00a0haut degr\u00e9 d\u2019ambition\u00a0\u00bb de la commission parlementaire. Il a affirm\u00e9 que cette cible maintiendrait l&rsquo;Europe&#8230; <br\/><span>Lire plus<\/span>","protected":false},"author":430,"featured_media":14862,"comment_status":"closed","ping_status":"open","sticky":false,"template":"","format":"standard","meta":{"_acf_changed":false,"content-type":"","footnotes":""},"categories":[454],"tags":[],"class_list":["post-14861","post","type-post","status-publish","format-standard","has-post-thumbnail","hentry","category-energie-renouvelable-developpement-durable-fr"],"acf":[],"_links":{"self":[{"href":"https:\/\/biogasworld.com\/fr\/wp-json\/wp\/v2\/posts\/14861","targetHints":{"allow":["GET"]}}],"collection":[{"href":"https:\/\/biogasworld.com\/fr\/wp-json\/wp\/v2\/posts"}],"about":[{"href":"https:\/\/biogasworld.com\/fr\/wp-json\/wp\/v2\/types\/post"}],"author":[{"embeddable":true,"href":"https:\/\/biogasworld.com\/fr\/wp-json\/wp\/v2\/users\/430"}],"replies":[{"embeddable":true,"href":"https:\/\/biogasworld.com\/fr\/wp-json\/wp\/v2\/comments?post=14861"}],"version-history":[{"count":0,"href":"https:\/\/biogasworld.com\/fr\/wp-json\/wp\/v2\/posts\/14861\/revisions"}],"wp:featuredmedia":[{"embeddable":true,"href":"https:\/\/biogasworld.com\/fr\/wp-json\/wp\/v2\/media\/14862"}],"wp:attachment":[{"href":"https:\/\/biogasworld.com\/fr\/wp-json\/wp\/v2\/media?parent=14861"}],"wp:term":[{"taxonomy":"category","embeddable":true,"href":"https:\/\/biogasworld.com\/fr\/wp-json\/wp\/v2\/categories?post=14861"},{"taxonomy":"post_tag","embeddable":true,"href":"https:\/\/biogasworld.com\/fr\/wp-json\/wp\/v2\/tags?post=14861"}],"curies":[{"name":"wp","href":"https:\/\/api.w.org\/{rel}","templated":true}]}}