{"id":18213,"date":"2018-03-22T12:47:08","date_gmt":"2018-03-22T16:47:08","guid":{"rendered":"https:\/\/www.biogasworld.com\/?p=18213\/"},"modified":"2019-11-16T13:06:57","modified_gmt":"2019-11-16T18:06:57","slug":"biogasworld-hebdo-vol-47","status":"publish","type":"post","link":"https:\/\/biogasworld.com\/fr\/news\/biogasworld-hebdo-vol-47\/","title":{"rendered":"BiogasWorld Hebdo Vol. 47"},"content":{"rendered":"<h3><span style=\"color: #000daa;\">Morbihan \u00e9nergies inaugure avec Endesa sa premi\u00e8re station GNV \u00e0 Vannes<\/span><\/h3>\n<p style=\"text-align: justify;\"><strong>19 mars 2018<\/strong>\u00a0&#8211; C\u2019est dans la zone du Prat, \u00e0 Vannes, qu\u2019a \u00e9t\u00e9 inaugur\u00e9e vendredi dernier, 16 mars 2018, le troisi\u00e8me site d\u2019avitaillement en GNV en service sur le territoire de la Bretagne administrative. Les \u00e9lus concern\u00e9s avancent ici main dans la main pour proposer en 2019 un maillage coh\u00e9rent qui sera compos\u00e9 de 12 stations. Celle de Vannes est confi\u00e9e \u00e0 la gestion d\u2019Endesa.<\/p>\n<p style=\"text-align: justify;\"><a href=\"http:\/\/www.gaz-mobilite.fr\/actus\/morbihan-energies-inaugure-endesa-premiere-station-gnv-gnc-vannes-1898.html\" target=\"_blank\" rel=\"noopener noreferrer\"><span style=\"color: #00d37d;\"><strong>Lire plus\u00a0Gaz Mobilit\u00e9<\/strong><\/span><\/a><\/p>\n<p style=\"text-align: justify;\">\n<h3 class=\"entry-title\"><span style=\"color: #000daa;\">Le groupe Blondel h\u00e9bergera une station multi-\u00e9nergies au sud de Saint-Quentin<\/span><\/h3>\n<p style=\"text-align: justify;\"><strong>19 mars 2018<\/strong>\u00a0&#8211; Le Groupe Blondel, prestataire de transport et logistique, annonce la cr\u00e9ation d&rsquo;une station multi-\u00e9nergies avec Air Liquide, sur un site lui appartenant, avant fin 2018. Elle sera localis\u00e9e au sud de Saint-Quentin, o\u00f9 il est implant\u00e9. Il annonce aussi l&rsquo;acquisition de 100 v\u00e9hicules fonctionnant au biom\u00e9thane pour 2020.<\/p>\n<p style=\"text-align: justify;\"><a href=\"http:\/\/www.actu-transport-logistique.fr\/routier\/le-groupe-blondel-hebergera-une-station-multi-energie-au-sud-de-saint-quentin-499073.php\" target=\"_blank\" rel=\"noopener noreferrer\"><span style=\"color: #00d37d;\"><strong>Lire plus\u00a0sur\u00a0Actu-Transport-logistique<\/strong><\/span><\/a><\/p>\n<p style=\"text-align: justify;\">\n<h3><span style=\"color: #000daa;\">Angleterre : Reading Bus finalise la r\u00e9ception de ses 17 bus au biogaz<\/span><\/h3>\n<p style=\"text-align: justify;\"><strong>20 mars 2018<\/strong>\u00a0&#8211; En Angleterre, Scania vient de finaliser la livraison de 17 bus \u00e0 deux \u00e9tages aliment\u00e9s au biogaz et command\u00e9s par l\u2019op\u00e9rateur Reading Bus. Exploit\u00e9s sur l\u2019une des lignes les plus fr\u00e9quent\u00e9es de l\u2019op\u00e9rateur, la \u00abPurple 17\u00bb, ces bus ont \u00e9t\u00e9 mis au point par Scania en partenariat avec le constructeur britannique Alexander Denis. Anim\u00e9s par un moteur Euro 6 de 280 chevaux, ils peuvent accueillir jusqu\u2019\u00e0 72 passagers, dont 45 sur le pont sup\u00e9rieur, et deux personnes \u00e0 mobilit\u00e9 r\u00e9duite. En termes de confort, ils proposent notamment une connexion Wi-fi via 4G et des prises USB int\u00e9gr\u00e9es \u00e0 chaque si\u00e8ge.<\/p>\n<p style=\"text-align: justify;\"><a href=\"http:\/\/www.gaz-mobilite.fr\/actus\/angleterre-reading-bus-finalise-reception-bus-biogaz-gnc-gnv-1899.html\" target=\"_blank\" rel=\"noopener noreferrer\"><span style=\"color: #00d37d;\"><strong>Lire plus\u00a0sur\u00a0Gaz-Mobilit\u00e9<\/strong><\/span><\/a><\/p>\n<p style=\"text-align: justify;\">\n<h3 class=\"span-titre-1\"><span style=\"color: #000daa;\">Su\u00e8de : plus de 55.000 v\u00e9hicules GNV d\u00e9sormais en circulation<\/span><\/h3>\n<p style=\"text-align: justify;\"><strong>17 mars 2018<\/strong>\u00a0&#8211;\u00a0Le vent tourne en faveur du gaz naturel pour v\u00e9hicules en Su\u00e8de. Fin 2017, le pays comptabilisait 55 117 voitures, autobus et poids-lourds au GNV. Ca n&rsquo;est pas encore une ru\u00e9e, mais la progression du gaz naturel pour v\u00e9hicules est encourageante en Su\u00e8de. 4 000 nouvelles voitures au GNV ont \u00e9t\u00e9 immatricul\u00e9es en 2017 pour un parc total de 55.117 v\u00e9hicules. Un chiffre qui comprend 2.533 autobus et 854 poids-lourds, selon l&rsquo;association su\u00e9doise Energigas.<\/p>\n<p style=\"text-align: justify;\"><a href=\"http:\/\/www.gaz-mobilite.fr\/actus\/suede-plus-55000-vehicules-gnv-circulation-1897.html\" target=\"_blank\" rel=\"noopener noreferrer\"><span style=\"color: #00d37d;\"><strong>Lire plus\u00a0sur\u00a0Gaz Mobilit\u00e9<\/strong><\/span><\/a><\/p>\n<p style=\"text-align: justify;\">\n<h3 class=\"articleTitle\"><span style=\"color: #000daa;\">L&rsquo;Yonne, un territoire tourn\u00e9 vers l&rsquo;avenir du gaz naturel<\/span><\/h3>\n<p style=\"text-align: justify;\"><strong>17 mars 2018<\/strong>\u00a0&#8211; Desservir pr\u00e8s de 160 communes de l&rsquo;Yonne en gaz naturel n&rsquo;est pas la seul pr\u00e9occupation des acteurs de l&rsquo;\u00e9nergie. Au quatre coins du d\u00e9partement, des initiatives naissent autour de l&rsquo;avenir de la production.Actuellement, la France importe 98 % du gaz naturel consomm\u00e9 par pr\u00e8s de 10 millions d&rsquo;usagers. Lors des Assises europ\u00e9ennes de la transition \u00e9nerg\u00e9tique 2018, en Suisse, l&rsquo;Agence de l\u2019environnement et de la ma\u00eetrise de l\u2019\u00e9nergie (Ademe), GRDF, charg\u00e9 de la distribution de gaz naturel en France, et GRTgaz, son transporteur, ont d\u00e9voil\u00e9 une \u00e9tude sur le gaz renouvelable.<\/p>\n<p style=\"text-align: justify;\"><a href=\"https:\/\/www.lyonne.fr\/auxerre\/vie-pratique-consommation\/2018\/03\/17\/l-yonne-un-territoire-tourne-vers-l-avenir-du-gaz-naturel_12774765.html#refresh\" target=\"_blank\" rel=\"noopener noreferrer\"><span style=\"color: #00d37d;\"><strong>Lire plus\u00a0sur\u00a0Lyonne.fr<\/strong><\/span><\/a><\/p>\n<p style=\"text-align: justify;\">\n<h3 id=\"posttitle\" class=\"posttitle entry-title\"><span style=\"color: #000daa;\">Enerkem r\u00e9alise une perc\u00e9e majeure en produisant un nouveau biocarburant \u00e0 indice d&rsquo;octane \u00e9lev\u00e9<\/span><\/h3>\n<p style=\"text-align: justify;\"><strong>20 mars 2018<\/strong>\u00a0&#8211;\u00a0 Enerkem inc., chef de file mondial en production de biocarburants et de produits chimiques renouvelables \u00e0 partir de mati\u00e8res r\u00e9siduelles non-recyclables, a annonc\u00e9 en marge de la 255i\u00e8me conf\u00e9rence nationale de la American Chemical Society \u00e0 La Nouvelle-Orl\u00e9ans aujourd&rsquo;hui, avoir r\u00e9ussi \u00e0 produire un biocarburant de haute performance qui permettrait d&rsquo;am\u00e9liorer l&rsquo;indice d&rsquo;octane des carburants vendus sur le march\u00e9 et de r\u00e9duire leur empreinte carbone.<\/p>\n<p style=\"text-align: justify;\"><a href=\"http:\/\/enerkem.com\/fr\/salle-de-presse\/?communique_id=122633\" target=\"_blank\" rel=\"noopener noreferrer\"><span style=\"color: #00d37d;\"><strong>Lire plus\u00a0sur\u00a0Enerkem.com<\/strong><\/span><\/a><\/p>\n<p style=\"text-align: justify;\">\n<h3 id=\"news_titre\" class=\"resizable\"><span style=\"color: #000daa;\">Programmation pluriannuelle de l&rsquo;\u00e9nergie:<br \/>\nle gouvernement ouvre le d\u00e9bat<\/span><\/h3>\n<p style=\"text-align: justify;\"><strong>20 mars 2018<\/strong>\u00a0&#8211; Alors qu\u2019une r\u00e9vision de la Programmation pluriannuelle de l\u2019\u00e9nergie (PPE) est pr\u00e9vue d\u2019ici la fin de l\u2019ann\u00e9e, le gouvernement souhaite d\u00e9sormais trouver le bon compromis \u00e9nerg\u00e9tique et compte pour cela sur la participation de tous. Le minist\u00e8re de la Transition \u00e9cologique et solidaire a annonc\u00e9, lundi 19 mars 2018, l\u2019ouverture d\u2019un d\u00e9bat public sur le sujet, avec l\u2019intention de fixer le cadre dans lequel se d\u00e9velopperont les \u00e9nergies renouvelables et nucl\u00e9aire dans la d\u00e9cennie \u00e0 venir.<\/p>\n<p style=\"text-align: justify;\"><a href=\"http:\/\/lenergeek.com\/2018\/03\/20\/programmation-pluriannuelle-de-lenergie-ppe-gouvernement-debat-public\/\" target=\"_blank\" rel=\"noopener noreferrer\"><span style=\"color: #00d37d;\"><strong>Lire plus\u00a0sur\u00a0Lenergeek<\/strong><\/span><\/a><\/p>\n<p style=\"text-align: justify;\">\n<h3 id=\"news_titre\" class=\"resizable\"><span style=\"color: #000daa;\">GoodPlanet d\u00e9veloppe un projet de valorisation d\u2019ordures m\u00e9nag\u00e8res en Afrique<\/span><\/h3>\n<p style=\"text-align: justify;\"><strong>19 mars 2018<\/strong>\u00a0&#8211; Aujourd\u2019hui, 0,65 kg de d\u00e9chets sont produits par habitant et par jour et ce chiffre atteindra 0,85 kg en 2025 (Banque Mondiale, 2012). La gestion des d\u00e9chets est un d\u00e9fi majeur dans les villes des pays en voie de d\u00e9veloppement, o\u00f9 les municipalit\u00e9s doivent faire face \u00e0 des quantit\u00e9s croissantes de d\u00e9chets, avec des moyens financiers limit\u00e9s. Cette situation s\u2019explique par une croissance d\u00e9mographique \u00e9lev\u00e9e, un exode rural croissant et une \u00e9volution des modes de consommation. La mauvaise gestion locale des ordures m\u00e9nag\u00e8res pr\u00e9sente de multiples cons\u00e9quences n\u00e9fastes, tant sanitaires qu\u2019environnementales.<\/p>\n<p style=\"text-align: justify;\"><a href=\"https:\/\/www.goodplanet.info\/actufondation\/2018\/03\/19\/goodplanet-developpe-projet-de-valorisation-dordures-menageres-afrique\/\" target=\"_blank\" rel=\"noopener noreferrer\"><span style=\"color: #00d37d;\"><strong>Lire plus\u00a0sur\u00a0Goodplanet.info<\/strong><\/span><\/a><\/p>\n<p style=\"text-align: justify;\">\n<h3><span style=\"color: #000daa;\">Sigeif Mobilit\u00e9s et ses partenaires FRAIKIN et TAB Rail Road sont engag\u00e9s dans Olympic Energy, un ambitieux projet europ\u00e9en pour la promotion du bio-GNV.<\/span><\/h3>\n<p style=\"text-align: justify;\"><strong>19 mars 2018<\/strong>\u00a0&#8211;\u00a0Unis dans une m\u00eame ambition de favoriser la production et l\u2019usage du biom\u00e9thane, comme carburant innovant pour am\u00e9liorer l&#8217;empreinte environnemental du transport routier en Europe, Sigeif Mobilit\u00e9s s\u2019est engag\u00e9, aux c\u00f4t\u00e9s de ses partenaires, le Groupe FRAIKIN, leader europ\u00e9en de solutions de gestion de flottes de v\u00e9hicules industriels utilitaires et commerciaux, et TAB Rail Road dans un projet de promotion du GNV \/ bio-GNV, nomm\u00e9 Olympic Energy.<\/p>\n<p style=\"text-align: justify;\">\n<h3><span style=\"color: #000daa;\">Gros plan sur le Centre d\u2019enfouissement technique de Kossihouen (Papier d\u2019\u00e9clairage)<\/span><\/h3>\n<p style=\"text-align: justify;\"><strong>19 mars 2018<\/strong>\u00a0&#8211; Le Premier ministre, ministre du Budget et du Portefeuille de l\u2019Etat, Amadou Gon Coulibaly, a proc\u00e9d\u00e9 lundi \u00e0 la pose de la premi\u00e8re pierre du Centre d\u2019enfouissement technique de Kossihouen (CET), visant \u00e0 am\u00e9liorer la gestion d\u00e9chets solides m\u00e9nagers et assimil\u00e9s (DSMA). Premier Centre de valorisation et d&rsquo;Enfouissement Technique (CET) dans le District Autonome d&rsquo;Abidjan \u00e0 Kossihouen, sous-pr\u00e9fecture de Songon<\/p>\n<p style=\"text-align: justify;\"><a href=\"https:\/\/news.abidjan.net\/h\/633987.html\" target=\"_blank\" rel=\"noopener noreferrer\"><span style=\"color: #00d37d;\"><strong>Lire plus\u00a0sur\u00a0News.abidjan<\/strong><\/span><\/a><\/p>\n","protected":false},"excerpt":{"rendered":"Morbihan \u00e9nergies inaugure avec Endesa sa premi\u00e8re station GNV \u00e0 Vannes 19 mars 2018\u00a0&#8211; C\u2019est dans la zone du Prat, \u00e0 Vannes, qu\u2019a \u00e9t\u00e9 inaugur\u00e9e vendredi dernier, 16 mars 2018, le troisi\u00e8me site d\u2019avitaillement en GNV en service sur le territoire de la Bretagne administrative. Les \u00e9lus concern\u00e9s avancent ici main dans la main pour&#8230; <br\/><span>Lire plus<\/span>","protected":false},"author":2,"featured_media":18157,"comment_status":"closed","ping_status":"open","sticky":false,"template":"","format":"standard","meta":{"_acf_changed":false,"content-type":"","footnotes":""},"categories":[4,43,48,418],"tags":[],"class_list":["post-18213","post","type-post","status-publish","format-standard","has-post-thumbnail","hentry","category-biomethanisation","category-biogaz","category-biogas","category-biomethane-fr"],"acf":[],"_links":{"self":[{"href":"https:\/\/biogasworld.com\/fr\/wp-json\/wp\/v2\/posts\/18213","targetHints":{"allow":["GET"]}}],"collection":[{"href":"https:\/\/biogasworld.com\/fr\/wp-json\/wp\/v2\/posts"}],"about":[{"href":"https:\/\/biogasworld.com\/fr\/wp-json\/wp\/v2\/types\/post"}],"author":[{"embeddable":true,"href":"https:\/\/biogasworld.com\/fr\/wp-json\/wp\/v2\/users\/2"}],"replies":[{"embeddable":true,"href":"https:\/\/biogasworld.com\/fr\/wp-json\/wp\/v2\/comments?post=18213"}],"version-history":[{"count":0,"href":"https:\/\/biogasworld.com\/fr\/wp-json\/wp\/v2\/posts\/18213\/revisions"}],"wp:featuredmedia":[{"embeddable":true,"href":"https:\/\/biogasworld.com\/fr\/wp-json\/wp\/v2\/media\/18157"}],"wp:attachment":[{"href":"https:\/\/biogasworld.com\/fr\/wp-json\/wp\/v2\/media?parent=18213"}],"wp:term":[{"taxonomy":"category","embeddable":true,"href":"https:\/\/biogasworld.com\/fr\/wp-json\/wp\/v2\/categories?post=18213"},{"taxonomy":"post_tag","embeddable":true,"href":"https:\/\/biogasworld.com\/fr\/wp-json\/wp\/v2\/tags?post=18213"}],"curies":[{"name":"wp","href":"https:\/\/api.w.org\/{rel}","templated":true}]}}