{"id":18292,"date":"2018-07-09T12:05:20","date_gmt":"2018-07-09T16:05:20","guid":{"rendered":"https:\/\/www.biogasworld.com\/?p=18292\/"},"modified":"2018-07-09T12:05:20","modified_gmt":"2018-07-09T16:05:20","slug":"nouvelles-biogaz-bonnes-mauvaises","status":"publish","type":"post","link":"https:\/\/biogasworld.com\/fr\/news\/nouvelles-biogaz-bonnes-mauvaises\/","title":{"rendered":"De bonnes et mauvaises nouvelles dans l&rsquo;industrie"},"content":{"rendered":"<p><span style=\"font-weight: 400;\">Voici les nouvelles de l&rsquo;industrie dans le monde du biogaz et de l&rsquo;\u00e9nergie renouvelable.<\/span><\/p>\n<p>&nbsp;<\/p>\n<h3><span style=\"color: #000daa;\"><strong>LOIS ET ACTIONS GOUVERNEMENTALES<\/strong><\/span><\/h3>\n<p><strong>32% D\u2019\u00c9NERGIE RENOUVELABLE POUR 2030<\/strong><\/p>\n<p><span style=\"font-weight: 400;\">D\u2019ici \u00e0 2030,\u00a0<\/span><b>le gouvernement vise \u00e0 porter \u00e0 32% le taux d\u2019utilisation de l\u2019\u00e9nergie solaire<\/b><span style=\"font-weight: 400;\">\u00a0sur tout le territoire fran\u00e7ais. Une mesure per\u00e7ue tr\u00e8s ambitieuse en sachant qu\u2019en France, parmi les 16% de la consommation finale brute d\u2019\u00e9nergies renouvelables, seulement 1,6% de l\u2019\u00e9nergie produite est solaire.\u00a0<\/span><b>L\u2019\u00e9nergie solaire est une \u00e9nergie verte et propre.<\/b><span style=\"font-weight: 400;\">\u00a0Elle fait partie de ces solutions d\u2019\u00e9nergies in\u00e9puisables (\u00e9oliennes, hydrauliques, g\u00e9othermiques\u2026) qui veulent contrer l\u2019utilisation polluante des \u00e9nergies fossiles (charbon, p\u00e9trole, gaz naturel..) qui elles-m\u00eames participent au r\u00e9chauffement climatique et aux \u00e9missions de gaz \u00e0 effet de serre.<\/span><\/p>\n<p><a href=\"https:\/\/www.quelleenergie.fr\/magazine\/energies-renouvelables\/32-dnergie-renouvelable-pour-2030\/\"><span style=\"font-weight: 400;\">Lire davantage sur Quelle Energie<\/span><\/a><\/p>\n<p>&nbsp;<\/p>\n<h3><span style=\"color: #000daa;\"><strong>ENTREPRISES ET ORGANISATIONS<\/strong><\/span><\/h3>\n<p><strong>FINI LES TOMATES PRODUITES \u00c0 PARTIR DE BIOGAZ \u00c0 SAINT-\u00c9TIENNE-DES-GR\u00c8S<\/strong><\/p>\n<p><span style=\"font-weight: 400;\">D&rsquo;un commun accord, la R\u00e9gie de gestion des mati\u00e8res r\u00e9siduelles de la Mauricie et les Serres Savoura\u00a0<\/span><b>mettent fin au contrat d&rsquo;approvisionnement en biogaz qui les liait depuis 2007.\u00a0<\/b><span style=\"font-weight: 400;\">La R\u00e9gie r\u00e9cup\u00e9rait les biogaz produits par son site d&rsquo;enfouissement et les vendait aux Serres Savoura.\u00a0<\/span><b>Les deux parties estiment qu&rsquo;il serait pr\u00e9f\u00e9rable de rompre l&rsquo;entente et de profiter d&rsquo;autres opportunit\u00e9s sur le march\u00e9 des biogaz<\/b><span style=\"font-weight: 400;\">.\u00a0<\/span><span style=\"font-weight: 400;\">La saga aura co\u00fbt\u00e9 tr\u00e8s cher \u00e0 la R\u00e9gie de gestion des mati\u00e8res r\u00e9siduelles de la Mauricie, qui a d\u00fb investir du temps et surtout beaucoup d&rsquo;argent dans ce projet.<\/span><\/p>\n<p><a href=\"https:\/\/ici.radio-canada.ca\/nouvelle\/1111135\/tomates-savoura-saint-etienne-biogaz\"><span style=\"font-weight: 400;\">Lire davantage sur Radio Canada<\/span><\/a><\/p>\n<p>&nbsp;<\/p>\n<h3><span style=\"color: #000daa;\"><strong>NOUVELLES &amp; RECHERCHES<\/strong><\/span><\/h3>\n<p><strong>PAUVRES TERRES AGRICOLES !<\/strong><\/p>\n<p><span style=\"font-weight: 400;\">On apprenait la semaine derni\u00e8re que le Directeur des poursuites criminelles et p\u00e9nales serait dans l\u2019impossibilit\u00e9 de d\u00e9poser des accusations contre les criminels qui, depuis des ann\u00e9es, d\u00e9versent des sols contamin\u00e9s n\u2019importe o\u00f9 dans la nature ou sur des terres agricoles. La preuve a \u00e9t\u00e9 jug\u00e9e insuffisante.\u00a0<\/span><b>Selon le bilan de l\u2019enqu\u00eate Naphtal\u00e8ne pr\u00e9sent\u00e9 dans La Presse, la police a eu connaissance de plus de 80 sites, surtout en milieu agricole, o\u00f9 de la terre provenant notamment des grands chantiers de construction du Qu\u00e9bec<\/b><span style=\"font-weight: 400;\">, contamin\u00e9e par des r\u00e9sidus d\u2019hydrocarbures et des m\u00e9taux lourds a \u00e9t\u00e9 d\u00e9pos\u00e9e en toute ill\u00e9galit\u00e9.<\/span><\/p>\n<p><a href=\"https:\/\/lactualite.com\/societe\/2018\/07\/04\/pauvres-terres-agricoles\/\"><span style=\"font-weight: 400;\">Lire davantage sur L\u2019Actualit\u00e9<\/span><\/a><\/p>\n<p>&nbsp;<\/p>\n<p><strong>LES BIOD\u00c9CHETS, FUTUR CHANTIER DES D\u00c9CHETS<\/strong><br \/>\n<span style=\"font-weight: 400;\">Jean-Marc Boursier, ancien pr\u00e9sident de la Fnade (F\u00e9d\u00e9ration nationale des activit\u00e9s de la d\u00e9pollution et de l&rsquo;environnement) en est convaincu : \u00ab Ce sera le sujet environnemental le plus important dans quelques ann\u00e9es \u00bb.\u00a0<\/span><b>Il s&rsquo;agit des quelque 20 millions de tonnes de biod\u00e9chets produites en France chaque ann\u00e9e par les m\u00e9nages et les professionnels\u00a0<\/b><span style=\"font-weight: 400;\">(restaurants, magasins, producteurs et transformateurs de denr\u00e9es alimentaires) : aliments gaspill\u00e9s, restes organiques de cuisine et de jardin. Aujourd&rsquo;hui,\u00a0<\/span><b>moins de 10% de la population fran\u00e7aise est concern\u00e9e par une collecte s\u00e9lective de ces d\u00e9chets<\/b><span style=\"font-weight: 400;\">, dont seulement 40% est valoris\u00e9, en compostage ou en m\u00e9thanisation, pour en produire des fertilisants et\/ou de l&rsquo;\u00e9nergie.<\/span><\/p>\n<p><a href=\"https:\/\/www.latribune.fr\/entreprises-finance\/industrie\/energie-environnement\/les-biodechets-futur-chantier-des-dechets-783467.html\"><span style=\"font-weight: 400;\">Lire davantage sur La Tribune<\/span><\/a><\/p>\n<p>&nbsp;<\/p>\n<p><strong>LES R\u00c9SULTATS DU PROJET \u2018\u2019EN ROUTE VERS LA COLLECTE INTELLIGENTE!\u2019\u2019<\/strong><\/p>\n<p><span style=\"font-weight: 400;\">Le projet pilote de collecte intelligente dans la MRC Robert- Cliche, qui impliquait la participation de 300 re\u0301sidences sur le territoire, s&rsquo;est termine\u0301 en mai dernier.\u00a0<\/span><b>Les organisations investigatrices de ce projet dans notre re\u0301gion, soit les villes de Beauceville et de Saint-Joseph-de-Beauce ainsi que la municipalite\u0301 de Saint-Victor, en collaboration avec la MRC Robert-Cliche<\/b><span style=\"font-weight: 400;\">, ont tenu des se\u0301ances d&rsquo;information dans chacune des localite\u0301s les 29 mai ainsi que les 18 et 19 juin derniers pour souligner la fin de ce projet.\u00a0<\/span>Les objectifs de ces rassemblements e\u0301taient de pre\u0301senter les re\u0301sultats du projet pilote En route vers la collecte intelligente, lance\u0301 en mai 2017, et de pre\u0301senter les diffe\u0301rentes options possibles pour respecter la re\u0300glementation provinciale qui vise le bannissement des matie\u0300res organiques au Que\u0301bec en 2020-2022, et a\u0300 laquelle les villes et municipalite\u0301s du Que\u0301bec devront se conformer.<\/p>\n<p><a href=\"http:\/\/www.enbeauce.com\/actualites\/societe\/340322\/les-resultats-du-projet-en-route-vers-la-collecte-intelligente\"><span style=\"font-weight: 400;\">Lire davantage sur En Beauce<\/span><\/a><\/p>\n","protected":false},"excerpt":{"rendered":"Voici les nouvelles de l&rsquo;industrie dans le monde du biogaz et de l&rsquo;\u00e9nergie renouvelable. &nbsp; LOIS ET ACTIONS GOUVERNEMENTALES 32% D\u2019\u00c9NERGIE RENOUVELABLE POUR 2030 D\u2019ici \u00e0 2030,\u00a0le gouvernement vise \u00e0 porter \u00e0 32% le taux d\u2019utilisation de l\u2019\u00e9nergie solaire\u00a0sur tout le territoire fran\u00e7ais. Une mesure per\u00e7ue tr\u00e8s ambitieuse en sachant qu\u2019en France, parmi les 16%&#8230; <br\/><span>Lire plus<\/span>","protected":false},"author":2,"featured_media":18464,"comment_status":"closed","ping_status":"open","sticky":false,"template":"","format":"standard","meta":{"_acf_changed":false,"content-type":"","footnotes":""},"categories":[43,418,447],"tags":[],"class_list":["post-18292","post","type-post","status-publish","format-standard","has-post-thumbnail","hentry","category-biogaz","category-biomethane-fr","category-compost-fr"],"acf":[],"_links":{"self":[{"href":"https:\/\/biogasworld.com\/fr\/wp-json\/wp\/v2\/posts\/18292","targetHints":{"allow":["GET"]}}],"collection":[{"href":"https:\/\/biogasworld.com\/fr\/wp-json\/wp\/v2\/posts"}],"about":[{"href":"https:\/\/biogasworld.com\/fr\/wp-json\/wp\/v2\/types\/post"}],"author":[{"embeddable":true,"href":"https:\/\/biogasworld.com\/fr\/wp-json\/wp\/v2\/users\/2"}],"replies":[{"embeddable":true,"href":"https:\/\/biogasworld.com\/fr\/wp-json\/wp\/v2\/comments?post=18292"}],"version-history":[{"count":0,"href":"https:\/\/biogasworld.com\/fr\/wp-json\/wp\/v2\/posts\/18292\/revisions"}],"wp:featuredmedia":[{"embeddable":true,"href":"https:\/\/biogasworld.com\/fr\/wp-json\/wp\/v2\/media\/18464"}],"wp:attachment":[{"href":"https:\/\/biogasworld.com\/fr\/wp-json\/wp\/v2\/media?parent=18292"}],"wp:term":[{"taxonomy":"category","embeddable":true,"href":"https:\/\/biogasworld.com\/fr\/wp-json\/wp\/v2\/categories?post=18292"},{"taxonomy":"post_tag","embeddable":true,"href":"https:\/\/biogasworld.com\/fr\/wp-json\/wp\/v2\/tags?post=18292"}],"curies":[{"name":"wp","href":"https:\/\/api.w.org\/{rel}","templated":true}]}}