{"id":26543,"date":"2020-05-22T10:00:08","date_gmt":"2020-05-22T14:00:08","guid":{"rendered":"https:\/\/www.biogasworld.com\/?p=26543\/"},"modified":"2022-11-25T09:45:56","modified_gmt":"2022-11-25T14:45:56","slug":"lallemagne-etend-la-gratuite-de-ses-peages-pour-les-camions-gnv-a-la-fin-2023-les-derniers-chiffres-sur-le-biomethane-en-france-sont-publies","status":"publish","type":"post","link":"https:\/\/biogasworld.com\/fr\/news\/lallemagne-etend-la-gratuite-de-ses-peages-pour-les-camions-gnv-a-la-fin-2023-les-derniers-chiffres-sur-le-biomethane-en-france-sont-publies\/","title":{"rendered":"L&rsquo;Allemagne \u00e9tend la gratuit\u00e9 de ses p\u00e9ages pour les camions GNV \u00e0 la fin 2023; Les derniers chiffres sur le biom\u00e9thane en France sont publi\u00e9s"},"content":{"rendered":"\n<p><strong>Voici les nouvelles biogaz et en \u00e9nergie renouvelable dans le monde.<\/strong><\/p>\n\n\n\n<p><\/p>\n\n\n\n<h3 class=\"wp-block-heading\"><span style=\"color: #000daa;\"><strong>GOUVERNEMENTS ET POLITIQUES<\/strong><\/span><\/h3>\n\n\n\n<h4 class=\"wp-block-heading\"><strong>Camions GNV : la gratuit\u00e9 des p\u00e9ages \u00e9tendue en Allemagne jusqu&rsquo;\u00e0 fin 2023<\/strong><\/h4>\n\n\n\n<p> En Allemagne, les camions fonctionnant au gaz naturel n\u2019auront pas \u00e0 payer de p\u00e9age jusqu\u2019\u00e0 fin 2023. Une d\u00e9cision officiellement valid\u00e9e le 14 mai dernier par l\u2019assembl\u00e9e allemande (Bundestag). R\u00e9clam\u00e9e depuis plusieurs semaines, le prolongement de l\u2019exemption de p\u00e9age pour les camions GNC et GNL est officiellement act\u00e9e. Valid\u00e9e par l&rsquo;assembl\u00e9e allemande le 14 mai dernier, elle est prolong\u00e9e jusqu&rsquo;au 31 d\u00e9cembre 2023. \u00ab Le gaz naturel est actuellement la seule alternative respectueuse de l&rsquo;environnement au diesel disponible pour les v\u00e9hicules utilitaires lourds tels que les camions.  <\/p>\n\n\n\n<p><a href=\"https:\/\/www.gaz-mobilite.fr\/actus\/camions-gnv-gratuite-peages-etendue-allemagne-fin-2023-2611.html\">Lire davantage sur Gaz Mobilit\u00e9<\/a><\/p>\n\n\n\n<p><\/p>\n\n\n\n<h3 class=\"wp-block-heading\"><span style=\"color: #000daa;\"><strong>MUNICIPALIT\u00c9S ET VILLES<\/strong><\/span><\/h3>\n\n\n\n<h4 class=\"wp-block-heading\"><strong>Saguenay lance un appel d&rsquo;offres pour le traitement des mati\u00e8res organiques<\/strong><\/h4>\n\n\n\n<p> Saguenay est \u00e0 la recherche d\u2019une entreprise qui se chargera du traitement des mati\u00e8res organiques r\u00e9cup\u00e9r\u00e9es sur son territoire \u00e0 partir de 2022. C\u2019est \u00e0 ce moment que seront implant\u00e9s les bacs bruns. Un appel d\u2019offres a \u00e9t\u00e9 publi\u00e9 en ce sens \u00e0 la fin du mois d\u2019avril. La compagnie choisie d\u00e9crochera un contrat d\u2019une dur\u00e9e de 10 ans. Au terme d\u2019un exercice de consultation et apr\u00e8s analyse de diff\u00e9rents sc\u00e9narios, Saguenay a opt\u00e9 pour le compostage ouvert au d\u00e9triment de la biom\u00e9thanisation. Ceci lui permettra de g\u00e9n\u00e9rer du compost de cat\u00e9gorie A, lequel pourra \u00eatre revaloris\u00e9.  <\/p>\n\n\n\n<p><a href=\"https:\/\/ici.radio-canada.ca\/nouvelle\/1702404\/saguenay-compost-bacs-bruns\">Lire davantage sur Radio-Canada<\/a><\/p>\n\n\n\n<p><\/p>\n\n\n\n<h4 class=\"wp-block-heading\"><strong>Usine de m\u00e9thanisation : \u201cUn taux de valorisation accru des d\u00e9chets m\u00e9nagers et biod\u00e9chets\u201d<\/strong><\/h4>\n\n\n\n<p> Amiens M\u00e9tropole vient d\u2019attribuer \u00e0 nouveau \u00e0 IDEX la D\u00e9l\u00e9gation de Service Public pour l\u2019exploitation de son usine de m\u00e9thanisation pour une dur\u00e9e de 15 ans. Les travaux pr\u00e9vus dans le cadre de ce nouveau contrat sont une nouvelle \u00e9tape pour la m\u00e9tropole picarde dans le processus d\u2019am\u00e9lioration des performances en mati\u00e8re de traitement des ordures m\u00e9nag\u00e8res avec un double objectif : la diminution de la part des d\u00e9chets m\u00e9nagers finissant en centre d\u2019enfouissement, et l\u2019optimisation de la valorisation \u00e9nerg\u00e9tique.  <\/p>\n\n\n\n<p><a href=\"https:\/\/www.enerzine.com\/usine-de-methanisation-un-taux-de-valorisation-accru-des-dechets-menagers-et-biodechets\/31418-2020-05\">Lire davantage sur Enerzine<\/a><\/p>\n\n\n\n<p><\/p>\n\n\n\n<h4 class=\"wp-block-heading\"><strong>M\u00e9thanisation : du volume avec la Cive de seigle<\/strong><\/h4>\n\n\n\n<p> Le seigle fourrager est une esp\u00e8ce int\u00e9ressante \u00e0 int\u00e9grer dans les Cive car il produit beaucoup de biomasse et laisse des parcelles propres avant les semis de ma\u00efs. Le seigle fourrager utilis\u00e9 en culture interm\u00e9diaire \u00e0 vocation \u00e9nerg\u00e9tique (Cive) de l\u2019EARL de Lorozan, \u00e0 Plourin-l\u00e8s-Morlaix (29), mesurait au moment de sa fauche, la semaine derni\u00e8re, \u00ab entre 1,60 m et 1,70\u202fm\u202f\u00bb, selon les associ\u00e9s. Cette c\u00e9r\u00e9ale a \u00e9t\u00e9 choisie par les agriculteurs pour alimenter leur unit\u00e9 de m\u00e9thanisation. La raison\u2009: ses facult\u00e9s \u00e0 produire beaucoup de volume. En moyenne, 25 \u00e0 30\u202ft de mati\u00e8re brute ont \u00e9t\u00e9 ensil\u00e9es \u00e0 l\u2019ha.  <\/p>\n\n\n\n<p><a href=\"https:\/\/www.paysan-breton.fr\/2020\/05\/methanisation-du-volume-avec-la-cive-de-seigle\/\">Lire davantage sur Paysan Breton<\/a><\/p>\n\n\n\n<p><\/p>\n\n\n\n<h4 class=\"wp-block-heading\"><strong>Saint-Aignan : du biogaz plut\u00f4t que de la fum\u00e9e<\/strong><\/h4>\n\n\n\n<p> Initiative originale \u00e0 Saint-Aignan-sur-Cher : les d\u00e9chets verts des habitants de la commune sont valoris\u00e9s localement. \u00ab On s\u2019est rendu compte qu\u2019il y avait de nombreux feux dans les propri\u00e9t\u00e9s. On a d\u00e9cid\u00e9 de mettre en place une d\u00e9chetterie verte au plus pr\u00e8s des administr\u00e9s, sur la commune \u00bb, explique le maire \u00c9ric Carnat. Collect\u00e9s par les employ\u00e9s communaux, les r\u00e9sidus de tontes et de v\u00e9g\u00e9taux sont tri\u00e9s. Une partie est envoy\u00e9e \u00e0 l\u2019unit\u00e9 de m\u00e9thanisation du ZooParc de Beauval \u2013 comme le sont d\u00e9j\u00e0 les d\u00e9chets verts produits par la Ville de Saint-Aignan. <\/p>\n\n\n\n<p><a href=\"https:\/\/www.lanouvellerepublique.fr\/loir-et-cher\/commune\/saint-aignan\/saint-aignan-du-biogaz-plutot-que-de-la-fumee\">Lire davantage sur La Nouvelle R\u00e9publique<\/a><\/p>\n\n\n\n<p><\/p>\n\n\n\n<h3 class=\"wp-block-heading\"><span style=\"color: #000daa;\"><strong>ENTREPRISES ET ORGANISATIONS<\/strong><\/span><strong>T<\/strong><\/h3>\n\n\n\n<h4 class=\"wp-block-heading\"><strong>Un outil num\u00e9rique pour la chasse \u00e0 la mati\u00e8re organique<\/strong><\/h4>\n\n\n\n<p> Inex-circular est un service num\u00e9rique pour mettre en lien les producteurs de biod\u00e9chets industriels et agricoles et ceux qui peuvent les valoriser. Le site revendique une base de donn\u00e9es de 800 000 gisements. L\u2019association Co\u00e9nove \u0153uvre pour le d\u00e9veloppement des \u00e9nergies renouvelables sous toutes leurs formes. \u00c0 l\u2019occasion de son premier webinaire, elle a mis en avant l\u2019initiative de la jeune entreprise iNex Circular. La soci\u00e9t\u00e9 d\u00e9veloppe depuis trois ans une plateforme num\u00e9rique sp\u00e9cialis\u00e9e dans la d\u00e9tection de gisements de biod\u00e9chets industriels et agricoles.  <\/p>\n\n\n\n<p>Lire davantage sur La France Agricole<\/p>\n\n\n\n<p><\/p>\n\n\n\n<h4 class=\"wp-block-heading\"><strong>Energies renouvelables : Plan\u00e8te Oui a lanc\u00e9 son offre de biogaz<\/strong><\/h4>\n\n\n\n<p> C&rsquo;est officiel, comme annonc\u00e9 en mars, Plan\u00e8te Oui se lance dans le biogaz. D\u00e9j\u00e0 connu pour ses offres d&rsquo;\u00e9lectricit\u00e9 verte, le fournisseur a profit\u00e9 du confinement pour sortir une offre de biom\u00e9thane. Mais alors quelles sont les conditions de l&rsquo;offre Biogaz de Plan\u00e8te Oui ? Comment souscrire ? Selectra fait le point. Fournisseur engag\u00e9 dans les \u00e9nergies vertes, Plan\u00e8te Oui propose depuis peu une offre de biom\u00e9thane produit sur le territoire fran\u00e7ais. Elle permet aux clients de Plan\u00e8te Oui de contribuer encore davantage \u00e0 la transition \u00e9nerg\u00e9tique. Cette offre de gaz vert est certifi\u00e9e par des garanties d&rsquo;origine.  <\/p>\n\n\n\n<p><a href=\"https:\/\/selectra.info\/energie\/actualites\/acteurs\/planete-oui-offre-biogaz\">Lire davantage sur S\u00e9lectra<\/a><\/p>\n\n\n\n<p><\/p>\n\n\n\n<h3 class=\"wp-block-heading\"><span style=\"color: #000daa;\"><strong>NOUVELLES &amp; RECHERCHES<\/strong><\/span><\/h3>\n\n\n\n<h4 class=\"wp-block-heading\"><strong>Forte augmentation de la part de biom\u00e9thane dans le GNC en Allemagne<\/strong><\/h4>\n\n\n\n<p> C\u2019est l\u2019association allemande pour le gaz et l\u2019eau (DVGW) qui effectue ce constat. Avec une constante augmentation du nombre de stations d\u00e9livrant du bioGNC, la proportion de biom\u00e9thane dans la quantit\u00e9 totale de GNC vendu outre-Rhin devrait atteindre les 50% d\u00e8s le milieu de la pr\u00e9sente ann\u00e9e 2020. Le pourcentage de biogaz dans le GNC d\u00e9livr\u00e9 en 2018 n\u2019\u00e9tait que de 20%. Depuis, le nombre de stations d\u2019avitaillement disposant d\u2019au moins un distributeur de bioGNV a doubl\u00e9. Tous ces chiffres t\u00e9moignent d\u2019une croissance continue de l\u2019exploitation du biom\u00e9thane en Allemagne comme carburant alternatif. Et ce sous l\u2019impulsion des professionnels de la route.  <\/p>\n\n\n\n<p><a href=\"https:\/\/www.gaz-mobilite.fr\/actus\/forte-augmentation-part-biomethane-gnc-allemagne-2609.html\">Lire davantage sur Gaz Mobilit\u00e9<\/a><\/p>\n\n\n\n<p><\/p>\n\n\n\n<h4 class=\"wp-block-heading\"><strong>Le biogaz repr\u00e9sente 17 % de la consommation de GNV en Europe<\/strong><\/h4>\n\n\n\n<p> Association europ\u00e9enne du gaz naturel pour v\u00e9hicules, NGVA Europe vient de publier de nouveaux chiffres li\u00e9s \u00e0 l\u2019utilisation du biom\u00e9thane dans le secteur du transport. Alors que plus de 25 % des plus de 4.000 stations GNC et GNL d\u00e9ploy\u00e9es en Europe proposent du biom\u00e9thane, NGVA Europe estime que le biogaz a repr\u00e9sent\u00e9 17 % de la consommation europ\u00e9enne de GNV au cours de l\u2019ann\u00e9e \u00e9coul\u00e9e, soit l\u2019\u00e9quivalent de 23,4 TWh. A l\u2019\u00e9chelle europ\u00e9enne, la disparit\u00e9 est forte selon les pays. Alors que la France se situe dans la moyenne europ\u00e9enne (17 %), les pays du nord de l\u2019Europe affichent le plus fort taux d\u2019utilisation de gaz vert.  <\/p>\n\n\n\n<p><a href=\"https:\/\/www.gaz-mobilite.fr\/actus\/biogaz-represente-17-pourcents-consommation-gnv-europe-2607.html\">Lire davantage sur Gaz Mobilit\u00e9<\/a><\/p>\n\n\n\n<p><\/p>\n\n\n\n<h4 class=\"wp-block-heading\"><strong>Le biom\u00e9thane entame ses premiers tests d\u2019effort<\/strong><\/h4>\n\n\n\n<p> Spectaculaire, la croissance du biom\u00e9thane en France : 17 m\u00e9thaniseurs d\u00e9di\u00e9s \u00e9taient en service en 2015, 123 l\u2019ann\u00e9e derni\u00e8re. \u00ab La fili\u00e8re fran\u00e7aise est la plus dynamique d\u2019Europe \u00bb, situe Charlotte de Lorgeril, associ\u00e9e du cabinet SIA Partners qui vient de publier son 5e observatoire sur le sujet. La France est d\u00e9sormais au troisi\u00e8me rang derri\u00e8re l\u2019Allemagne et la Grande-Bretagne. Et seize unit\u00e9s ont encore \u00e9t\u00e9 mises en production au premier trimestre 2020, soit un total de 139 d\u00e9sormais. Ce parc aurait d\u00fb d\u00e9passer les 200 cette ann\u00e9e mais la pr\u00e9vision ne sera pas respect\u00e9e du fait de la crise Covid-19 : des chantiers ont \u00e9t\u00e9 mis \u00e0 l\u2019arr\u00eat, les \u00e9tudes sont ralenties, de m\u00eame que les d\u00e9marches administratives et les financements. Un rattrapage partiel peut-il \u00eatre esp\u00e9r\u00e9 \u00e0 partir de septembre ?  <\/p>\n\n\n\n<p><a href=\"https:\/\/www.greenunivers.com\/2020\/05\/le-biomethane-entame-ses-premiers-tests-deffort-237183\/\">Lire davantage sur Green Univers<\/a><\/p>\n","protected":false},"excerpt":{"rendered":"Voici les nouvelles biogaz et en \u00e9nergie renouvelable dans le monde. GOUVERNEMENTS ET POLITIQUES Camions GNV : la gratuit\u00e9 des p\u00e9ages \u00e9tendue en Allemagne jusqu&rsquo;\u00e0 fin 2023 En Allemagne, les camions fonctionnant au gaz naturel n\u2019auront pas \u00e0 payer de p\u00e9age jusqu\u2019\u00e0 fin 2023. Une d\u00e9cision officiellement valid\u00e9e le 14 mai dernier par l\u2019assembl\u00e9e allemande&#8230; <br\/><span>Lire plus<\/span>","protected":false},"author":781,"featured_media":26631,"comment_status":"closed","ping_status":"open","sticky":false,"template":"","format":"standard","meta":{"_acf_changed":false,"content-type":"","footnotes":""},"categories":[43,48],"tags":[],"class_list":["post-26543","post","type-post","status-publish","format-standard","has-post-thumbnail","hentry","category-biogaz","category-biogas"],"acf":[],"_links":{"self":[{"href":"https:\/\/biogasworld.com\/fr\/wp-json\/wp\/v2\/posts\/26543","targetHints":{"allow":["GET"]}}],"collection":[{"href":"https:\/\/biogasworld.com\/fr\/wp-json\/wp\/v2\/posts"}],"about":[{"href":"https:\/\/biogasworld.com\/fr\/wp-json\/wp\/v2\/types\/post"}],"author":[{"embeddable":true,"href":"https:\/\/biogasworld.com\/fr\/wp-json\/wp\/v2\/users\/781"}],"replies":[{"embeddable":true,"href":"https:\/\/biogasworld.com\/fr\/wp-json\/wp\/v2\/comments?post=26543"}],"version-history":[{"count":0,"href":"https:\/\/biogasworld.com\/fr\/wp-json\/wp\/v2\/posts\/26543\/revisions"}],"wp:featuredmedia":[{"embeddable":true,"href":"https:\/\/biogasworld.com\/fr\/wp-json\/wp\/v2\/media\/26631"}],"wp:attachment":[{"href":"https:\/\/biogasworld.com\/fr\/wp-json\/wp\/v2\/media?parent=26543"}],"wp:term":[{"taxonomy":"category","embeddable":true,"href":"https:\/\/biogasworld.com\/fr\/wp-json\/wp\/v2\/categories?post=26543"},{"taxonomy":"post_tag","embeddable":true,"href":"https:\/\/biogasworld.com\/fr\/wp-json\/wp\/v2\/tags?post=26543"}],"curies":[{"name":"wp","href":"https:\/\/api.w.org\/{rel}","templated":true}]}}