{"id":27217,"date":"2020-08-06T16:35:44","date_gmt":"2020-08-06T20:35:44","guid":{"rendered":"https:\/\/www.biogasworld.com\/?p=27217\/"},"modified":"2020-08-06T16:36:05","modified_gmt":"2020-08-06T20:36:05","slug":"actualite-biogaz-france-agriculteurs-energies-renouvelables","status":"publish","type":"post","link":"https:\/\/biogasworld.com\/fr\/news\/actualite-biogaz-france-agriculteurs-energies-renouvelables\/","title":{"rendered":"La France souhaite encourager les agriculteurs \u00e0 produire plus d&rsquo;\u00e9nergies renouvelables"},"content":{"rendered":"\n<p><strong>Voici les nouvelles biogaz et en \u00e9nergie renouvelable dans le monde.<\/strong><\/p>\n\n\n\n<p><\/p>\n\n\n\n<h3 class=\"wp-block-heading\"><span style=\"color: #000daa;\"><strong>GOUVERNEMENTS ET POLITIQUES<\/strong><\/span><\/h3>\n\n\n\n<h4 class=\"wp-block-heading\"><strong>Le S\u00e9n\u00e9gal exon\u00e8re la TVA sur les mat\u00e9riels de production d\u2019\u00e9nergies renouvelables<\/strong><\/h4>\n\n\n\n<p> Le gouvernement du S\u00e9n\u00e9gal a, par arr\u00eat\u00e9 interminist\u00e9riel, exon\u00e9r\u00e9 la Taxe sur la valeur ajout\u00e9e (TVA), une liste de vingt-deux (22) mat\u00e9riels entrant dans la production d\u2019\u00e9nergies renouvelables de source solaire, \u00e9olienne et biogaz. La liste des mat\u00e9riels destin\u00e9s \u00e0 la production d\u2019\u00e9nergie solaire exon\u00e9r\u00e9s, concerne le panneau solaire photovolta\u00efque, le capteur ou panneau solaire thermique, l\u2019onduleur solaire, la batterie solaire, le kit de chauffe-eau solaire, le r\u00e9gulateur de charge, le kit de lampe solaire, le lampadaire solaire comprenant panneau solaire, batterie contr\u00f4leur et lanterne ainsi que le kit de pompage solaire comprenant panneau solaire, contr\u00f4leur et pompe. <\/p>\n\n\n\n<p><a href=\"https:\/\/apanews.net\/news\/le-senegal-exonere-la-tva-sur-les-materiels-de-production-denergies-renouvelables\">Lire davantage sur APA News<\/a><\/p>\n\n\n\n<p><\/p>\n\n\n\n<h4 class=\"wp-block-heading\"><strong>\u00c9nergie : l\u2019installation de chaudi\u00e8res au fioul ou charbon interdite d\u00e8s 2022<\/strong><\/h4>\n\n\n\n<p> Le gouvernement a d\u00e9taill\u00e9 ce lundi les premi\u00e8res mesures r\u00e9glementaires issues des propositions de la Convention citoyenne pour le climat. Parmi elles, une interdiction d\u2019installer des chaudi\u00e8res fonctionnant aux \u00e9nergies fossiles, d\u00e8s 2022. \u00c7a y est, les premi\u00e8res propositions de la Convention citoyenne pour le climat sont introduites dans la loi. Ce lundi 27 juillet 2020, se tenait le cinqui\u00e8me Conseil de d\u00e9fense \u00e9cologique \u00e0 l\u2019Elys\u00e9e, sorte de Conseil des ministres exclusivement d\u00e9di\u00e9 \u00e0 la Transition \u00e9cologique.  <\/p>\n\n\n\n<p><a href=\"https:\/\/www.capital.fr\/immobilier\/energie-linstallation-de-chaudieres-au-fioul-ou-charbon-interdite-des-2022-1376432\">Lire davantage sur Capital<\/a><\/p>\n\n\n\n<p><\/p>\n\n\n\n<h3 class=\"wp-block-heading\"><span style=\"color: #000daa;\"><strong>MUNICIPALIT\u00c9S ET VILLES<\/strong><\/span><\/h3>\n\n\n\n<h4 class=\"wp-block-heading\"><strong>La nouvelle station d\u2019\u00e9puration avance \u00e0 Bo\u00ebss\u00e9-le-Sec<\/strong><\/h4>\n\n\n\n<p> Lundi, r\u00e9union de chantier hebdomadaire. La derni\u00e8re avant les cong\u00e9s d\u2019\u00e9t\u00e9. L\u2019occasion de faire le point. Liliane Denis, nouvelle maire de Bo\u00ebss\u00e9-le-Sec est pr\u00e9sente, accompagn\u00e9e de son adjoint aux travaux Jean Pierre Carlo. \u00ab Je suis honn\u00eate, les travaux ce n\u2019est pas ma sp\u00e9cialit\u00e9, il g\u00e8re beaucoup mieux le dossier que moi \u00bb, avoue-t-elle. Et c\u2019est vrai que le nouvel \u00e9lu g\u00e8re plut\u00f4t bien les affaires. Lors de cette r\u00e9union, le ma\u00eetre d\u2019\u0153uvre est pr\u00e9sent ainsi que le mandataire (Epur\u2019Ouest) pour \u00e9changer sur la fa\u00e7on de faire.  <\/p>\n\n\n\n<p><a href=\"https:\/\/actu.fr\/pays-de-la-loire\/boesse-le-sec_72038\/la-nouvelle-station-d-epuration-avance-a-boesse-le-sec_35229159.html\">Lire davantage sur Actu-fr<\/a><\/p>\n\n\n\n<p><\/p>\n\n\n\n<h4 class=\"wp-block-heading\"><strong>Mer : des d\u00e9chets agricoles bient\u00f4t transform\u00e9s en gaz<\/strong><\/h4>\n\n\n\n<p> L\u2019installation de m\u00e9thaniseurs pour la production d\u2019\u00e9lectricit\u00e9 ou de biogaz tend \u00e0 devenir un sport national chez les agriculteurs, s\u00e9duits par l\u2019id\u00e9e de garantir leurs revenus lors de la revente de ces \u00e9nergies, mais \u00e9galement de r\u00e9aliser des \u00e9conomies en pesticides et engrais. Dans le Loir-et-Cher, cinq m\u00e9thaniseurs sont d\u00e9j\u00e0 en fonctionnement, quatre pour la fabrication d\u2019\u00e9lectricit\u00e9 (Coudes, Renay, Epuisay, Saint-Aignan) et un pour la fabrication de gaz (Savigny-sur-Braye). Six autres devraient voir le jour dans les trois ans \u00e0 venir, tous destin\u00e9s \u00e0 produire du biogaz : Oucques, Foss\u00e9, Lamotte-Beuvron, Romorantin, Ang\u00e9 et Mer.  <\/p>\n\n\n\n<p><a href=\"https:\/\/www.lanouvellerepublique.fr\/loir-et-cher\/commune\/mer\/mer-des-dechets-agricoles-bientot-transformes-en-gaz\">Lire davantage sur La Nouvelle R\u00e9publique<\/a><\/p>\n\n\n\n<p><\/p>\n\n\n\n<h4 class=\"wp-block-heading\"><strong>Indre-et-Loire : la m\u00e9thanisation, une \u00e9nergie boost\u00e9e par le Covid-19<\/strong><\/h4>\n\n\n\n<p> Face \u00e0 la crise sanitaire, le biom\u00e9thane s\u2019inscrit l\u00e9gitimement dans le cadre des plans de relance d\u2019une \u00e9conomie plus locale et plus \u00e9cologique. Le Covid a remis sur le devant de la sc\u00e8ne la question de la d\u00e9pendance, notamment \u00e9nerg\u00e9tique. En France, on importe pour 10 milliards d\u2019euros de gaz. Dans ce contexte, le principe de la m\u00e9thanisation, productrice d\u2019\u00e9nergie verte, prend un int\u00e9r\u00eat particulier. C\u2019est ce qu\u2019explique Agri TourainERgies, une association fond\u00e9e il y a deux ans et demi. Elle regroupe tous les maillons d\u2019une fili\u00e8re qui, sur le d\u00e9partement, demande encore \u00e0 \u00eatre structur\u00e9e. <\/p>\n\n\n\n<p> <a href=\"https:\/\/www.lanouvellerepublique.fr\/indre-et-loire\/indre-et-loire-la-methanisation-une-energie-boostee-par-le-covid\">Lire davantage sur La Nouvelle R\u00e9publique<\/a><\/p>\n\n\n\n<p><\/p>\n\n\n\n<h3 class=\"wp-block-heading\"><span style=\"color: #000daa;\"><strong>ENTREPRISES ET ORGANISATIONS<\/strong><\/span><\/h3>\n\n\n\n<h4 class=\"wp-block-heading\"><strong>Espagne : Repsol et Nortegas cr\u00e9ent un r\u00e9seau de stations-service GNV<\/strong><\/h4>\n\n\n\n<p> Repsol et Nortegas Green Energy Solutions ont sign\u00e9 un accord pour l&rsquo;installation d&rsquo;un r\u00e9seau de points d&rsquo;approvisionnement pour les v\u00e9hicules fonctionnant au gaz naturel. Install\u00e9es dans les stations-service du groupe Repsol, dans les r\u00e9gions o\u00f9 Nortegas op\u00e8re d\u00e9j\u00e0, les premiers distributeurs GNV verront le jour dans le Pays Basque, en Cantabrie et dans les Asturies. Actuellement, Repsol dispose d\u00e9j\u00e0 de cinq points d&rsquo;approvisionnement en gaz naturel r\u00e9partis sur les principaux corridors espagnols (Sese\u00f1a et Guarrom\u00e1n, sur l&rsquo;A4 ; Mojo Gallardo, sur l&rsquo;A-381 ; Fontioso, sur l&rsquo;A1 ; et Hostalets, sur l&rsquo;AP7) et en ouvrira bient\u00f4t trois autres \u00e0 M\u00e9rida (Badajoz), Albatera (Alicante) et Hernani (Gipuzkoa).  <\/p>\n\n\n\n<p><a href=\"https:\/\/www.gaz-mobilite.fr\/actus\/espagne-repsol-nortegas-creent-reseau-stations-service-gnv-2682.html\">Lire davantage sur Gaz Mobilit\u00e9<\/a><\/p>\n\n\n\n<p><\/p>\n\n\n\n<h4 class=\"wp-block-heading\"><strong>Ardennes : GRTgaz va investir dans une station de rebours.<\/strong><\/h4>\n\n\n\n<p> D\u2019ici \u00e0 trois ans , l\u2019arrondissement de Vouziers va devenir exportateur de gaz naturel gr\u00e2ce au monde agricole. L\u2019annonce a \u00e9t\u00e9 officialis\u00e9e la semaine derni\u00e8re par le pr\u00e9sident de la Commission de r\u00e9gulation de l\u2019Energie Jean Fran\u00e7ois Carenco. GRTgaz va investir dans une station de rebours . Station qui va permettre d\u2019assurer la remont\u00e9e et la descente du gaz naturel dans les deux sens. A travers 8 projets de biom\u00e9thane sur le vouzinois. L\u2019exc\u00e9dent de production de biom\u00e9thane va \u00eatre exploit\u00e9 par GRT GAZ dans le r\u00e9seau de transport.  <\/p>\n\n\n\n<p><a href=\"https:\/\/www.radio8fm.com\/infos\/article\/14678-Ardennes_GRT_GAZ_va_investir_dans_une_station_de_rebours\">Lire davantage sur Radio 8FM<\/a><\/p>\n\n\n\n<p><\/p>\n\n\n\n<h4 class=\"wp-block-heading\"><strong>Cryo Pur s\u00e9lectionn\u00e9 pour produire du bioGNL en Norv\u00e8ge<\/strong><\/h4>\n\n\n\n<p> Sp\u00e9cialiste des applications bioGNL, la PME fran\u00e7aise Cryo Pur vient d\u2019annoncer la signature d\u2019un contrat avec la soci\u00e9t\u00e9 Sunnhordland Naturgass (SNG) pour la construction d\u2019une usine d\u2019\u00e9puration de biogaz et de liqu\u00e9faction de biom\u00e9thane sur l\u2019\u00eele de Stord. Un gaz vert qui servira notamment \u00e0 la mobilit\u00e9. Distributeur de gaz bas\u00e9 sur l\u2019\u00eele de Stord, SNG a s\u00e9lectionn\u00e9 Cryo Pur pour sa future usine de production de bioGNL. Produit \u00e0 partir de d\u00e9chets de poisson et de fumier, le biogaz sera associ\u00e9 \u00e0 une unit\u00e9 \u00ab Cryo Fuel \u00bb de Cryo Pur qui assurera la transformation du gaz brut en bio-GNL et en CO2 liquide.   <\/p>\n\n\n\n<p><a href=\"https:\/\/www.gaz-mobilite.fr\/actus\/cryo-pur-selectionne-produire-biognl-en-norvege-2674.html\">Lire davantage sur Gaz Mobilit\u00e9<\/a><\/p>\n\n\n\n<p><\/p>\n\n\n\n<h3 class=\"wp-block-heading\"><span style=\"color: #000daa;\"><strong>NOUVELLES &amp; RECHERCHES<\/strong><\/span><\/h3>\n\n\n\n<h4 class=\"wp-block-heading\"><strong>GNV et bioGNV : un bilan \u00e9cologique positif<\/strong><\/h4>\n\n\n\n<p> Pour Gilles Durand de l\u2019AFGNV, le GNV constitue une alternative \u00e9cologique au moteur thermique et une solution \u00ab low tech \u00bb pour am\u00e9liorer la qualit\u00e9 de l\u2019air. Le gaz rejette en effet entre 40 \u00e0 64 % de NOx en moins qu\u2019un moteur diesel Euro VI en conditions r\u00e9elles d\u2019exploitation et sans syst\u00e8me complexe de d\u00e9pollution. Il permet aussi d\u2019\u00e9liminer quasi totalement les particules fines (- 90 %) et de r\u00e9duire les \u00e9missions de CO2 \u00e0 l\u2019\u00e9chappement de 15 % par rapport au diesel et de 20 % par rapport \u00e0 l\u2019essence.  <\/p>\n\n\n\n<p><a href=\"https:\/\/www.flotauto.com\/gnv-biognv-bilan-ecologique-positif-20200731.html\">Lire davantage sur Flotte Automobile<\/a><\/p>\n\n\n\n<p><\/p>\n\n\n\n<h4 class=\"wp-block-heading\"><strong>Des pistes pour inciter les agriculteurs \u00e0 produire plus d&rsquo;\u00e9nergie renouvelable<\/strong><\/h4>\n\n\n\n<p> Les exploitations agricoles participent \u00e0 20 % de la production d\u2019\u00e9nergies renouvelables en France. Un chiffre qui peut s\u2019accro\u00eetre, estiment plusieurs parlementaires, qui appellent \u00e0 recourir davantage \u00e0 la m\u00e9thanisation et \u00e0 mieux int\u00e9grer la question dans les politiques d\u2019am\u00e9nagement du territoire. Davantage rapprocher les politiques li\u00e9es \u00e0 l\u2019\u00e9nergie de celles appliqu\u00e9es \u00e0 l\u2019agriculture, telle est la proposition phare du rapport \u00ab\u00a0L\u2019agriculture face au d\u00e9fi de la production d\u2019\u00e9nergie\u00a0\u00bb, port\u00e9 par le d\u00e9put\u00e9 Jean-Luc Fugit (LREM) et le s\u00e9nateur Roland Courteau (PS) dans le cadre de l\u2019Office parlementaire d\u2019\u00e9valuation des choix scientifiques et technologiques.  <\/p>\n\n\n\n<p><a href=\"https:\/\/www.usinenouvelle.com\/article\/des-pistes-pour-inciter-les-agriculteurs-a-produire-plus-d-energie-renouvelable.N988774\">Lire davantage sur Usine Nouvelle<\/a><\/p>\n","protected":false},"excerpt":{"rendered":"Voici les nouvelles biogaz et en \u00e9nergie renouvelable dans le monde. GOUVERNEMENTS ET POLITIQUES Le S\u00e9n\u00e9gal exon\u00e8re la TVA sur les mat\u00e9riels de production d\u2019\u00e9nergies renouvelables Le gouvernement du S\u00e9n\u00e9gal a, par arr\u00eat\u00e9 interminist\u00e9riel, exon\u00e9r\u00e9 la Taxe sur la valeur ajout\u00e9e (TVA), une liste de vingt-deux (22) mat\u00e9riels entrant dans la production d\u2019\u00e9nergies renouvelables de&#8230; <br\/><span>Lire plus<\/span>","protected":false},"author":781,"featured_media":27218,"comment_status":"closed","ping_status":"open","sticky":false,"template":"","format":"standard","meta":{"_acf_changed":false,"content-type":"","footnotes":""},"categories":[19,43,48,457,357,359,369,32],"tags":[],"class_list":["post-27217","post","type-post","status-publish","format-standard","has-post-thumbnail","hentry","category-anaerobic-digestion","category-biogaz","category-biogas","category-food-waste","category-gnl","category-gnv","category-municipal-solid-waste","category-rng"],"acf":[],"_links":{"self":[{"href":"https:\/\/biogasworld.com\/fr\/wp-json\/wp\/v2\/posts\/27217","targetHints":{"allow":["GET"]}}],"collection":[{"href":"https:\/\/biogasworld.com\/fr\/wp-json\/wp\/v2\/posts"}],"about":[{"href":"https:\/\/biogasworld.com\/fr\/wp-json\/wp\/v2\/types\/post"}],"author":[{"embeddable":true,"href":"https:\/\/biogasworld.com\/fr\/wp-json\/wp\/v2\/users\/781"}],"replies":[{"embeddable":true,"href":"https:\/\/biogasworld.com\/fr\/wp-json\/wp\/v2\/comments?post=27217"}],"version-history":[{"count":0,"href":"https:\/\/biogasworld.com\/fr\/wp-json\/wp\/v2\/posts\/27217\/revisions"}],"wp:featuredmedia":[{"embeddable":true,"href":"https:\/\/biogasworld.com\/fr\/wp-json\/wp\/v2\/media\/27218"}],"wp:attachment":[{"href":"https:\/\/biogasworld.com\/fr\/wp-json\/wp\/v2\/media?parent=27217"}],"wp:term":[{"taxonomy":"category","embeddable":true,"href":"https:\/\/biogasworld.com\/fr\/wp-json\/wp\/v2\/categories?post=27217"},{"taxonomy":"post_tag","embeddable":true,"href":"https:\/\/biogasworld.com\/fr\/wp-json\/wp\/v2\/tags?post=27217"}],"curies":[{"name":"wp","href":"https:\/\/api.w.org\/{rel}","templated":true}]}}