{"id":27567,"date":"2020-09-17T14:24:21","date_gmt":"2020-09-17T18:24:21","guid":{"rendered":"https:\/\/www.biogasworld.com\/?p=27567\/"},"modified":"2022-08-31T14:50:26","modified_gmt":"2022-08-31T18:50:26","slug":"actualite-biogaz-croissance-france","status":"publish","type":"post","link":"https:\/\/biogasworld.com\/fr\/news\/actualite-biogaz-croissance-france\/","title":{"rendered":"Actualit\u00e9: La m\u00e9thanisation continue de cro\u00eetre en France malgr\u00e9 les barri\u00e8res impos\u00e9es"},"content":{"rendered":"\n<p><strong>Voici les nouvelles biogaz et en \u00e9nergie renouvelable dans le monde.<\/strong><\/p>\n\n\n\n<p><\/p>\n\n\n\n<h3 class=\"wp-block-heading\"><span style=\"color: #000daa;\"><strong>GOUVERNEMENTS ET POLITIQUES<\/strong><\/span><\/h3>\n\n\n\n<h4 class=\"wp-block-heading\"><strong>Biom\u00e9thane : \u00ab Le droit \u00e0 l&rsquo;injection rend concret l&rsquo;adaptation du r\u00e9seau de gaz \u00bb<\/strong><\/h4>\n\n\n\n<p> Avec le d\u00e9veloppement de l&rsquo;injection du biom\u00e9thane, les r\u00e9seaux de gaz doivent s&rsquo;adapter. Jean-Marc Le Gall, directeur du projet biom\u00e9thane chez GRT gaz, dresse un bilan du droit \u00e0 l&rsquo;injection apr\u00e8s dix mois d&rsquo;application. Le d\u00e9ploiement, sur tout le territoire, des sites de production et d&rsquo;injection de biom\u00e9thane dans les r\u00e9seaux de gaz pousse les gestionnaires de r\u00e9seaux \u00e0 faire \u00e9valuer leurs installations et \u00e0 organiser leurs travaux. Appliqu\u00e9 depuis novembre 2019, le droit \u00e0 l&rsquo;injection offre un cadre permettant d&rsquo;accompagner les projets d&rsquo;adaptation des r\u00e9seaux de transport et de distribution. <\/p>\n\n\n\n<p><a href=\"https:\/\/www.actu-environnement.com\/ae\/news\/droit-injection-biomethane-grtgaz-Jean-Marc-Le-Gall-36069.php4\">Lire davantage sur Actu-Environnement<\/a><\/p>\n\n\n\n<p><\/p>\n\n\n\n<h4 class=\"wp-block-heading\"><strong>Biom\u00e9thane : la fili\u00e8re proteste contre le \u00ab bridage \u00bb de la puissance<\/strong><\/h4>\n\n\n\n<p> Ca coince dans le biom\u00e9thane. Pr\u00e9occup\u00e9s par l\u2019augmentation des co\u00fbts du soutien public \u00e0 la fili\u00e8re et par le risque d\u2019une bulle sp\u00e9culative, les pouvoirs publics mettent en application la baisse des tarifs annonc\u00e9e dans la Programmation pluriannuelle de l\u2019\u00e9nergie. Elle se traduit par une diminution imm\u00e9diate du tarif d\u2019achat pouvant aller jusqu\u2019\u00e0 15% et par une trajectoire de baisse annuelle ult\u00e9rieure de 2%. Mais lors de leur r\u00e9union avec la Direction g\u00e9n\u00e9rale de l\u2019\u00e9nergie et du climat (DGEC) vendredi 11 septembre, en amont de la pr\u00e9sentation demain mardi au Conseil sup\u00e9rieur de l\u2019\u00e9nergie (CSE) de deux projets d\u2019arr\u00eat\u00e9s, les repr\u00e9sentants du secteur ont d\u00e9couvert une nouvelle mesure ou plut\u00f4t compris qu\u2019ils avaient fait fausse route sur son interpr\u00e9tation, ce qui les am\u00e8ne \u00e0 parler d\u2019\u201dassassinat\u201d de la fili\u00e8re, pour reprendre les termes de l\u2019Association des agriculteurs m\u00e9thaniseurs de France (AAMF) ou de \u00ab mise \u00e0 terre \u00bb, selon France Gaz renouvelables.  <\/p>\n\n\n\n<p><a href=\"https:\/\/www.greenunivers.com\/2020\/09\/biomethane-la-filiere-proteste-contre-le-bridage-de-la-puissance-242892\/\">Lire davantage sur Green Univers<\/a><\/p>\n\n\n\n<p><\/p>\n\n\n\n<h3 class=\"wp-block-heading\"><span style=\"color: #000daa;\"><strong>MUNICIPALIT\u00c9S ET VILLES<\/strong><\/span><\/h3>\n\n\n\n<h4 class=\"wp-block-heading\"><strong>Dans l\u2019Orne, vos d\u00e9chets m\u00e9nagers deviennent du biogaz<\/strong><\/h4>\n\n\n\n<p> Alors qu\u2019il re\u00e7oit des d\u00e9chets m\u00e9nagers de toute l\u2019Orne et des d\u00e9partements limitrophes, le site d\u2019enfouissement des Ventes-de-Bourse a une nouvelle mani\u00e8re de valoriser ses effluents. Le m\u00e9thane d\u00e9gag\u00e9 se retrouve, apr\u00e8s purification, dans le r\u00e9seau de gaz classique. Une premi\u00e8re en Normandie. La nouvelle installation tr\u00f4ne \u00e0 l\u2019entr\u00e9e du site. La \u00ab Waga box \u00bb, une unit\u00e9 de m\u00e9thanisation cr\u00e9\u00e9e par une jeune entreprise is\u00e9roise, est la premi\u00e8re de ce genre en Normandie. Son fonctionnement est simple : elle r\u00e9cup\u00e8re les gaz \u00e9mis par un site d\u2019enfouissement de d\u00e9chets, celui des Ventes-de-Bourse (Orne), pour r\u00e9cup\u00e9rer le m\u00e9thane et le remettre dans le r\u00e9seau de gaz classique. <\/p>\n\n\n\n<p><a href=\"https:\/\/www.ouest-france.fr\/normandie\/les-ventes-de-bourse-61170\/dans-l-orne-vos-dechets-menagers-deviennent-du-biogaz-6977241\">Lire davantage sur Ouest France<\/a><\/p>\n\n\n\n<p><\/p>\n\n\n\n<h4 class=\"wp-block-heading\"><strong>Une unit\u00e9 de gaz vert sort de terre, pr\u00e8s de Varize<\/strong><\/h4>\n\n\n\n<p> Une unit\u00e9 de production de gaz vert est en construction pr\u00e8s de la commune de Varize. Un projet priv\u00e9 pilot\u00e9 par deux agriculteurs. Le terrain de trois hectares est entour\u00e9 de champs. Les engins de chantier et les ouvriers sont \u00e0 pied d\u2019\u0153uvre. Cuves de m\u00e9thanisation, pr\u00e9fosses, grande cuve destin\u00e9e au digestat, r\u00e9sidu issu du processus de m\u00e9thanisation, plateformes de stockage sont sorties de terre. \u00ab Les travaux ont d\u00e9marr\u00e9 en mars pour une dur\u00e9e d\u2019un an \u00bb, pr\u00e9cisent R\u00e9mi Baudrin et Adrien Guyard, codirigeants de Biogaz Beauce, lundi 7 septembre 2020, lors de la visite de la future unit\u00e9 de production de biom\u00e9thane, en construction \u00e0 l\u2019ext\u00e9rieur de la commune Varize. <\/p>\n\n\n\n<p>Lire davantage sur L&rsquo;\u00e9cho R\u00e9publicain<\/p>\n\n\n\n<p><\/p>\n\n\n\n<h4 class=\"wp-block-heading\"><strong>La nouvelle \u00e9co : inauguration d&rsquo;un site de m\u00e9thanisation dans le Sud Mayenne<\/strong><\/h4>\n\n\n\n<p> Active depuis f\u00e9vrier dernier, l&rsquo;usine de m\u00e9thanisation M\u00e9thamaine permet de produire du biogaz par le traitement des fumiers de chevaux notamment. M\u00e9thamaine a ouvert ses portes le 11 f\u00e9vrier dernier sur le site de Meslay-du-Maine. Depuis plus de six mois, l&rsquo;usine traite donc diff\u00e9rents fumiers (porcs, chevaux &#8230;) et les transforme en biogaz puis en biom\u00e9thane pour b\u00e9n\u00e9ficier au r\u00e9seau GrDF local. C&rsquo;est un processus qui s&rsquo;appelle la m\u00e9thanisation. En quatre \u00e9tapes : il faut d&rsquo;abord collecter les diff\u00e9rents fumiers aupr\u00e8s des agriculteurs partenaires et les amener sur le site de Meslay-du-Maine, ils sont ensuite introduits dans le m\u00e9thaniseur.  <\/p>\n\n\n\n<p><a href=\"https:\/\/www.francebleu.fr\/infos\/economie-social\/la-nouvelle-eco-inauguration-de-la-premiere-usine-de-methanisation-de-la-mayenne-1599818852\">Lire davantage sur France Bleu<\/a><\/p>\n\n\n\n<p><\/p>\n\n\n\n<h3 class=\"wp-block-heading\"><span style=\"color: #000daa;\"><strong>ENTREPRISES ET ORGANISATIONS<\/strong><\/span><\/h3>\n\n\n\n<h4 class=\"wp-block-heading\"><strong>Un partenariat pour faire avancer la fili\u00e8re gaz renouvelable<\/strong><\/h4>\n\n\n\n<p> Un partenariat pour le d\u00e9veloppement d\u2019une solution de stockage temporaire de biom\u00e9thane s\u2019est conclu sur le salon Biogaz entre Azola et GRDF. Nomm\u00e9e Azola Grid, elle permettra de stocker le gaz vert sous forme liquide tout en \u00e9tant directement connect\u00e9 au r\u00e9seau de distribution pour une meilleure flexibilit\u00e9 dans la gestion des r\u00e9seaux gaziers. Gr\u00e2ce au d\u00e9monstrateur industriel Azola Grid, GRDF pourra ainsi optimiser la flexibilit\u00e9 du r\u00e9seau et g\u00e9rer au mieux les variations de la demande. Lorsque celle-ci s\u2019av\u00e8re insuffisante pour absorber le gaz vert inject\u00e9 dans le r\u00e9seau, le dispositif permet de stocker jusqu\u2019\u00e0 20 jours de production d\u2019un site de m\u00e9thanisation, soit 760 MWh ou la consommation annuelle de pr\u00e8s de 200 logements neufs se chauffant au gaz.   <\/p>\n\n\n\n<p><a href=\"https:\/\/www.constructioncayola.com\/reseaux\/article\/2020\/09\/08\/130065\/partenariat-pour-faire-avancer-filiere-gaz-renouvelable\">Lire davantage sur Construction Cayola<\/a><\/p>\n\n\n\n<p><\/p>\n\n\n\n<h4 class=\"wp-block-heading\"><strong>Biogaz : pr\u00e8s d\u2019une centaine de sites de m\u00e9thanisation devraient voir le jour en Auvergne-Rh\u00f4ne-Alpes d\u2019ici 2023<\/strong><\/h4>\n\n\n\n<p> Les d\u00e9buts ont \u00e9t\u00e9 lents, mais depuis pr\u00e8s de deux ans, l\u2019acc\u00e9l\u00e9ration est patente. D\u00e9j\u00e0 une quinzaine de site de m\u00e9thanisation produisant du biogaz \u00e0 partir de d\u00e9chets agricoles ou issus de station d\u2019\u00e9puration ont vu le jour dans la r\u00e9gion. Actuellement pr\u00e8s d\u2019une centaine de projets sont dans les tuyaux. Une fili\u00e8re biogaz \u00e0 l\u2019\u00e9norme potentiel est en train de na\u00eetre. Interview de Didier Saussier, pr\u00e9sident de l\u2019association fran\u00e7aise du gaz, Auvergne-Rh\u00f4ne-Alpes qui f\u00e9d\u00e8re tous les acteurs du gaz classique et du biogaz. En mati\u00e8re d\u2019\u00e9nergies renouvelables, on parle beaucoup de photovolta\u00efque, d\u2019\u00e9olien, mais peu du biogaz. La fili\u00e8re a-t-elle de la peine \u00e0 \u00e9merger?    <\/p>\n\n\n\n<p><a href=\"https:\/\/www.lyon-entreprises.com\/actualites\/article\/biogaz-pres-dune-centaine-de-sites-de-methanisation-devraient-voir-le-jour-en-auvergne-rhone-alpes-dici-2023\">Lire davantage sur Lyon Entreprises<\/a><\/p>\n\n\n\n<p><\/p>\n\n\n\n<h4 class=\"wp-block-heading\"><strong>Le producteur d\u2019\u00e9nergies renouvelables CVE l\u00e8ve 100 millions d\u2019euros<\/strong><\/h4>\n\n\n\n<p> Le producteur ind\u00e9pendant d\u2019\u00e9nergies renouvelables CVE a annonc\u00e9 lundi avoir lev\u00e9 100 millions d\u2019euros de fonds gr\u00e2ce auxquels il veut multiplier par 8 sa capacit\u00e9 install\u00e9e pour atteindre 2,3 GwH d\u2019ici 2025. \u201cGr\u00e2ce \u00e0 cette lev\u00e9e de fonds, on envisage de multiplier notre chiffre d\u2019affaires par 10 dans les 5 prochaines ann\u00e9es\u201d, a aussi d\u00e9clar\u00e9 \u00e0 l\u2019AFP Pierre de Froidefond, l\u2019un des associ\u00e9s fondateurs du groupe dont le si\u00e8ge est \u00e0 Marseille. En 2019, le chiffre d\u2019affaires de CVE atteignait de 33 millions d\u2019euros.   <\/p>\n\n\n\n<p><a href=\"https:\/\/www.lemondedelenergie.com\/energies-renouvelables-cve\/2020\/09\/14\/\">Lire davantage sur Le monde de l&rsquo;\u00e9nergie<\/a><\/p>\n\n\n\n<p><\/p>\n\n\n\n<h3 class=\"wp-block-heading\"><span style=\"color: #000daa;\"><strong>NOUVELLES &amp; RECHERCHES<\/strong><\/span><\/h3>\n\n\n\n<h4 class=\"wp-block-heading\"><strong>R\u00e9volutionner les transports, l\u2019\u00e9nergie au c\u0153ur du probl\u00e8me<\/strong><\/h4>\n\n\n\n<p> La mobilit\u00e9 de demain fera appel \u00e0 de nouvelles \u00e9nergies, \u00e0 de nouveaux concepts, peu ou pas industrialis\u00e9s pour le moment. Le secteur des transports terrestre, maritime et a\u00e9rien entame une transformation, et dispose pour cela d\u2019un \u00e9ventail impressionnant de possibilit\u00e9s. Passage en revue des \u00e9nergies en vogue. Quelles \u00e9nergies pour accompagner la transition \u00e9nerg\u00e9tique dans les transports ? La plupart des fili\u00e8res s\u2019\u00e9tant fix\u00e9 pour objectif la neutralit\u00e9 carbone pour 2050, les mesures concr\u00e8tes d\u2019envergure se font attendre. <\/p>\n\n\n\n<p><a href=\"https:\/\/www.magazine-decideurs.com\/news\/revolutionner-les-transports-l-energie-au-coeur-du-probleme\">Lire davantage sur D\u00e9cideurs Magazine<\/a><\/p>\n\n\n\n<p><\/p>\n\n\n\n<h4 class=\"wp-block-heading\"><strong>Maintenance des installations de m\u00e9thanisation : la fili\u00e8re biogaz structure la formation<\/strong><\/h4>\n\n\n\n<p> Dans un contexte de croissance de la fili\u00e8re, les entreprises du biogaz et de la m\u00e9thanisation s&rsquo;organisent pour former ses techniciens de maintenance. Explication en vid\u00e9o de Julien Schmit de l&rsquo;Association Fran\u00e7aise du Gaz Auvergne Rh\u00f4ne-Alpes. La fili\u00e8re du gaz \u00ab vert \u00bb est en plein essor, comptant parmi les \u00e9nergies renouvelables qui sont associ\u00e9es au d\u00e9veloppement du mix \u00e9nerg\u00e9tique et \u00e0 la cr\u00e9ation d&#8217;emploi et de valeur dans les territoires. Dans ce contexte, et \u00e0 l&rsquo;instar d&rsquo;autres secteurs comme l&rsquo;\u00e9olien notamment, les entreprises de la fili\u00e8re peinent \u00e0 recruter des profils qualifi\u00e9s pour ses installations. <\/p>\n\n\n\n<p><a href=\"https:\/\/www.emploi-environnement.com\/news\/formation-alternance-maintenance-biogaz-methanisation-521.html\">Lire davantage sur Emploi Environnement<\/a><\/p>\n","protected":false},"excerpt":{"rendered":"Voici les nouvelles biogaz et en \u00e9nergie renouvelable dans le monde. GOUVERNEMENTS ET POLITIQUES Biom\u00e9thane : \u00ab Le droit \u00e0 l&rsquo;injection rend concret l&rsquo;adaptation du r\u00e9seau de gaz \u00bb Avec le d\u00e9veloppement de l&rsquo;injection du biom\u00e9thane, les r\u00e9seaux de gaz doivent s&rsquo;adapter. Jean-Marc Le Gall, directeur du projet biom\u00e9thane chez GRT gaz, dresse un bilan&#8230; <br\/><span>Lire plus<\/span>","protected":false},"author":781,"featured_media":27568,"comment_status":"closed","ping_status":"open","sticky":false,"template":"","format":"standard","meta":{"_acf_changed":false,"content-type":"","footnotes":""},"categories":[19,43,48,270],"tags":[],"class_list":["post-27567","post","type-post","status-publish","format-standard","has-post-thumbnail","hentry","category-anaerobic-digestion","category-biogaz","category-biogas","category-biomethane"],"acf":[],"_links":{"self":[{"href":"https:\/\/biogasworld.com\/fr\/wp-json\/wp\/v2\/posts\/27567","targetHints":{"allow":["GET"]}}],"collection":[{"href":"https:\/\/biogasworld.com\/fr\/wp-json\/wp\/v2\/posts"}],"about":[{"href":"https:\/\/biogasworld.com\/fr\/wp-json\/wp\/v2\/types\/post"}],"author":[{"embeddable":true,"href":"https:\/\/biogasworld.com\/fr\/wp-json\/wp\/v2\/users\/781"}],"replies":[{"embeddable":true,"href":"https:\/\/biogasworld.com\/fr\/wp-json\/wp\/v2\/comments?post=27567"}],"version-history":[{"count":0,"href":"https:\/\/biogasworld.com\/fr\/wp-json\/wp\/v2\/posts\/27567\/revisions"}],"wp:featuredmedia":[{"embeddable":true,"href":"https:\/\/biogasworld.com\/fr\/wp-json\/wp\/v2\/media\/27568"}],"wp:attachment":[{"href":"https:\/\/biogasworld.com\/fr\/wp-json\/wp\/v2\/media?parent=27567"}],"wp:term":[{"taxonomy":"category","embeddable":true,"href":"https:\/\/biogasworld.com\/fr\/wp-json\/wp\/v2\/categories?post=27567"},{"taxonomy":"post_tag","embeddable":true,"href":"https:\/\/biogasworld.com\/fr\/wp-json\/wp\/v2\/tags?post=27567"}],"curies":[{"name":"wp","href":"https:\/\/api.w.org\/{rel}","templated":true}]}}