{"id":29545,"date":"2021-02-19T08:25:32","date_gmt":"2021-02-19T13:25:32","guid":{"rendered":"https:\/\/www.biogasworld.com\/?p=29545\/"},"modified":"2022-08-31T14:50:35","modified_gmt":"2022-08-31T18:50:35","slug":"colloque-virtuel-2021-de-laqper-programmation-et-invites","status":"publish","type":"post","link":"https:\/\/biogasworld.com\/fr\/news\/colloque-virtuel-2021-de-laqper-programmation-et-invites\/","title":{"rendered":"Colloque virtuel 2021 de l&rsquo;AQPER: programmation et invit\u00e9s"},"content":{"rendered":"\n<p>L\u2019Association de la production d\u2019\u00e9nergie renouvelable du Qu\u00e9bec (AQPER) vous invite \u00e0 son colloque virtuel 2021, les 24 et 25 f\u00e9vrier prochains, au cours duquel monsieur Gabriel Durany, pr\u00e9sident-directeur g\u00e9n\u00e9ral de l\u2019AQPER, pr\u00e9sentera la <em>Feuille de route 2030: Agir maintenant pour transformer l\u2019urgence climatique en opportunit\u00e9 de relance \u00e9conomique. <\/em>Fruit d\u2019un vaste exercice d\u2019analyse et de r\u00e9flexion, elle identifie les \u00e9tapes de d\u00e9ploiement des capacit\u00e9s de production d\u2019\u00e9nergie renouvelable qui r\u00e9pondront au besoin \u00e9nerg\u00e9tique auquel fera face le Qu\u00e9bec afin d\u2019atteindre ses objectifs de diminution des gaz \u00e0 effet de serre et de transition \u00e9nerg\u00e9tique d\u2019ici 2030.<br><\/p>\n\n\n\n<p>Outre une quinzaine de conf\u00e9rences et d\u2019ateliers sous le th\u00e8me \u00ab&nbsp; <strong>Propulser nos \u00e9nergies, relancer notre \u00e9conomie<\/strong> \u00bb, le colloque permettra aussi d\u2019entendre:<\/p>\n\n\n\n<ul class=\"wp-block-list\"><li>M. Jonatan Julien, ministre de l&rsquo;\u00c9nergie et des Ressources naturelles (24 f\u00e9vrier \u00e0 8h45)<\/li><li>M. Pierre-Olivier Pineau, titulaire de la Chaire de gestion du secteur de l&rsquo;\u00e9nergie HEC et Philippe Dunsky, pr\u00e9sident de la firme Dunsky (24 f\u00e9vrier \u00e0 11h00)<\/li><li>MM. Jonatan Julien, ministre de l&rsquo;\u00c9nergie et des Ressources naturelles, Benoit Charette, ministre de l\u2019Environnement et de la Lutte contre les changements climatiques, Pierre Fitzgibbon, ministre de l\u2019\u00c9conomie et de l\u2019Innovation (25 f\u00e9vrier \u00e0 12h20)<\/li><li>Mme Sophie Brochu, pr\u00e9sidente-directrice g\u00e9n\u00e9rale d\u2019Hydro-Qu\u00e9bec&nbsp; (25 f\u00e9vrier \u00e0 9h55)<\/li><li>Lancement d\u2019une \u00e9tude sur l\u2019\u00e9nergie solaire par Nergica (25 f\u00e9vrier \u00e0 14h05)<\/li><\/ul>\n\n\n\n<p><strong>Date<\/strong> : \t\t24 et 25 f\u00e9vrier 2020<\/p>\n\n\n\n<p><strong>Heure<\/strong> : \t\t\u00c0 partir de 8 h 30&nbsp;<br><\/p>\n\n\n\n<p><strong>Consultez le programme complet ici.<\/strong><\/p>\n\n\n\n<p><strong>Pour assister aux conf\u00e9rences, un lien d\u00e9di\u00e9 aux m\u00e9dias sera transmis en d\u00e9but de semaine.&nbsp; Nous vous invitons donc \u00e0 faire part de votre int\u00e9r\u00eat \u00e0 Laurence Fafard par courriel \u00e0 l\u2019adresse suivante <\/strong><a rel=\"noreferrer noopener\" href=\"mailto:laurence@publicsc.com\" target=\"_blank\"><strong>laurence@publicsc.com<\/strong><\/a><strong> ou par t\u00e9l\u00e9phone au 514-467-5517.<\/strong><br><\/p>\n\n\n\n<h4 class=\"wp-block-heading\"><span style=\"color: #000daa;\"><strong>\u00c0 propos de l\u2019AQPER<\/strong><\/span><\/h4>\n\n\n\n<p>Active au Qu\u00e9bec depuis trente ans, l&rsquo;AQPER regroupe les intervenants du secteur des \u00e9nergies renouvelables au Qu\u00e9bec, tant au niveau des producteurs que des \u00e9quipementiers et entreprises de biens et services. Elle int\u00e8gre dans son champ d&rsquo;action les&nbsp; fili\u00e8res hydraulique, \u00e9olienne, de la bio\u00e9nergie ainsi que de l&rsquo;\u00e9nergie solaire.<br><\/p>\n\n\n\n<p>L&rsquo;AQPER a pour mission d&rsquo;accro\u00eetre la production d&rsquo;\u00e9nergie renouvelable de source ind\u00e9pendante et d&rsquo;en maximiser la valorisation dans le portefeuille \u00e9nerg\u00e9tique qu\u00e9b\u00e9cois. Les actions de l&rsquo;AQPER sont fond\u00e9es&nbsp; sur le respect des principes du d\u00e9veloppement durable et favorisent le d\u00e9veloppement \u00e9conomique tant des r\u00e9gions que des grands centres du Qu\u00e9bec.<\/p>\n","protected":false},"excerpt":{"rendered":"L\u2019Association de la production d\u2019\u00e9nergie renouvelable du Qu\u00e9bec (AQPER) vous invite \u00e0 son colloque virtuel 2021, les 24 et 25 f\u00e9vrier prochains, au cours duquel monsieur Gabriel Durany, pr\u00e9sident-directeur g\u00e9n\u00e9ral de l\u2019AQPER, pr\u00e9sentera la Feuille de route 2030: Agir maintenant pour transformer l\u2019urgence climatique en opportunit\u00e9 de relance \u00e9conomique. Fruit d\u2019un vaste exercice d\u2019analyse et&#8230; <br\/><span>Lire plus<\/span>","protected":false},"author":1402,"featured_media":29562,"comment_status":"closed","ping_status":"open","sticky":false,"template":"","format":"standard","meta":{"_acf_changed":false,"content-type":"","footnotes":""},"categories":[43,309],"tags":[],"class_list":["post-29545","post","type-post","status-publish","format-standard","has-post-thumbnail","hentry","category-biogaz","category-sponsored"],"acf":[],"_links":{"self":[{"href":"https:\/\/biogasworld.com\/fr\/wp-json\/wp\/v2\/posts\/29545","targetHints":{"allow":["GET"]}}],"collection":[{"href":"https:\/\/biogasworld.com\/fr\/wp-json\/wp\/v2\/posts"}],"about":[{"href":"https:\/\/biogasworld.com\/fr\/wp-json\/wp\/v2\/types\/post"}],"author":[{"embeddable":true,"href":"https:\/\/biogasworld.com\/fr\/wp-json\/wp\/v2\/users\/1402"}],"replies":[{"embeddable":true,"href":"https:\/\/biogasworld.com\/fr\/wp-json\/wp\/v2\/comments?post=29545"}],"version-history":[{"count":0,"href":"https:\/\/biogasworld.com\/fr\/wp-json\/wp\/v2\/posts\/29545\/revisions"}],"wp:featuredmedia":[{"embeddable":true,"href":"https:\/\/biogasworld.com\/fr\/wp-json\/wp\/v2\/media\/29562"}],"wp:attachment":[{"href":"https:\/\/biogasworld.com\/fr\/wp-json\/wp\/v2\/media?parent=29545"}],"wp:term":[{"taxonomy":"category","embeddable":true,"href":"https:\/\/biogasworld.com\/fr\/wp-json\/wp\/v2\/categories?post=29545"},{"taxonomy":"post_tag","embeddable":true,"href":"https:\/\/biogasworld.com\/fr\/wp-json\/wp\/v2\/tags?post=29545"}],"curies":[{"name":"wp","href":"https:\/\/api.w.org\/{rel}","templated":true}]}}