{"id":5974,"date":"2016-10-19T12:11:24","date_gmt":"2016-10-19T16:11:24","guid":{"rendered":"https:\/\/www.biogasworld.com\/fr\/?p=5974"},"modified":"2019-02-14T11:06:14","modified_gmt":"2019-02-14T16:06:14","slug":"verdir-le-gaz-la-conference-eba-2016","status":"publish","type":"post","link":"https:\/\/biogasworld.com\/fr\/news\/verdir-le-gaz-la-conference-eba-2016\/","title":{"rendered":"Verdir le Gaz \u00e0 la Conf\u00e9rence EBA 2016"},"content":{"rendered":"<p style=\"text-align: justify;\"><strong>En septembre dernier a eu lieu la Conf\u00e9rence EBA 2016 (Association Europ\u00e9enne du Biogaz) \u00e0 Gand en Belgique. Plus de 200 d\u00e9l\u00e9gu\u00e9s provenant majoritairement d\u2019Europe, dont quelques participants nord-am\u00e9ricains, \u00e9taient r\u00e9unis pour parler de la prochaine r\u00e9volution du gaz, soit le biom\u00e9thane.<\/strong><\/p>\n<h3 style=\"text-align: left;\"><span style=\"color: #000daa;\"><strong>Ouverture des dialogues \u00e0 la Conf\u00e9rence EBA 2016<\/strong><\/span><\/h3>\n<p style=\"text-align: justify;\">Entre politiciens et experts de l\u2019industrie, les dialogues \u00e9taient ouverts. Le march\u00e9 du biom\u00e9thane, quoiqu\u2019en croissance de 30% annuellement en Europe, est \u00e0 risque d\u2019\u00eatre frein\u00e9 sans politique claire et visionnaire pour permettre aux d\u00e9veloppeurs de projets d\u2019assurer leur investissement gr\u00e2ce \u00e0 un march\u00e9 stable pour le biom\u00e9thane.<\/p>\n<p style=\"text-align: justify;\">Mme Marie Donnelly, Directrice \u00c9nergie \u00e0 la Commission Europ\u00e9enne, \u00e9tait l\u2019une des principales conf\u00e9renci\u00e8res invit\u00e9es. Elle a pr\u00e9sent\u00e9 les principaux enjeux de l\u2019industrie\u00a0: Co\u00fbts d\u2019investissement \u00e9lev\u00e9s, faible maturit\u00e9 de certains march\u00e9s, barri\u00e8res administratives, probl\u00e8mes d\u2019interconnexion entre les services, probl\u00e8mes d\u2019intrants, etc. Tous ces enjeux sont maintenant cibl\u00e9s par la Commission Europ\u00e9enne en vue de catalyser l\u2019industrie.<\/p>\n<p style=\"text-align: justify;\">Les mesures qui sont en cours ou qui devront \u00eatre instaur\u00e9es touchent la r\u00e9gulation des co\u00fbts d\u2019achat, le support pour l\u2019\u00e9nergie (FIT), l\u2019all\u00e9gement des charges administratives et la r\u00e9vision de la politique de d\u00e9veloppement durable de l\u2019Union Europ\u00e9enne.<\/p>\n<p style=\"text-align: justify;\">Tous les politiciens sur place s\u2019entendaient pour dire que les dialogues doivent \u00eatre ouverts non seulement avec l\u2019industrie, afin de faciliter le d\u00e9veloppement du march\u00e9 et contribuer \u00e0 l\u2019\u00e9laboration des prochaines politiques, mais aussi avec les d\u00e9tracteurs de cette m\u00eame industrie afin de r\u00e9pondre \u00e0 leurs craintes.<\/p>\n<h3 style=\"text-align: left;\"><span style=\"color: #000daa;\"><strong>L\u2019\u00e9nergie de demain ne sera pas unilat\u00e9rale<\/strong><\/span><\/h3>\n<p style=\"text-align: justify;\">Bien que le biom\u00e9thane soit une source d\u2019\u00e9nergie renouvelable dot\u00e9e d\u2019un fort potentiel \u00e9nerg\u00e9tique, celui-ci ne pourra pas combler l\u2019ensemble de la demande \u00e9nerg\u00e9tique de l\u2019Europe. D\u2019autres solutions sont ainsi envisag\u00e9es.<\/p>\n<p style=\"text-align: justify;\">Par exemple, au Royaume-Uni, le National Grid met de l\u2019avant que d\u2019ici 2050, une grande partie de la demande \u00e9nerg\u00e9tique pourra \u00eatre combl\u00e9e par le <strong>BioSNG<\/strong> (Gaz naturel synth\u00e9tique produit par la gaz\u00e9ification des mat\u00e9riaux cellulosiques) ainsi que par l\u2019<strong>hydrog\u00e8ne<\/strong> (Concept du \u00ab\u00a0Power-to-Gas\u00a0\u00bb). Pour ce qui est de l\u2019hydrog\u00e8ne, il est d\u2019abord produit avec l\u2019exc\u00e9dent d\u2019\u00e9nergie \u00e9lectrique renouvelable (photovolta\u00efque, \u00e9olien, hydro, etc.) avant d\u2019\u00eatre emmagasin\u00e9 dans le r\u00e9seau de gaz naturel. Au Royaume-Uni cela repr\u00e9sente une capacit\u00e9 d\u2019entreposage d\u2019\u00e9nergie de <strong>650 GWh.<\/strong><\/p>\n<p style=\"text-align: justify;\">Par ailleurs, l\u2019association Eurogas, qui regroupe 46 membres \u0153uvrant dans le domaine du gaz naturel en Europe, propose un avenir \u00e0 l\u2019\u00e9nergie intelligente o\u00f9 les r\u00e9seaux gazier et \u00e9lectrique seraient interconnect\u00e9s afin d\u2019optimiser l\u2019offre et l\u2019efficacit\u00e9 \u00e9nerg\u00e9tique globale du r\u00e9seau.<\/p>\n<h3 style=\"text-align: left;\"><span style=\"color: #000daa;\"><strong>Les march\u00e9s du biogaz<\/strong><\/span><\/h3>\n<p style=\"text-align: justify;\">Que cela soit avec un potentiel de plus de 13\u00a0000 usines aux USA ou un potentiel de doubler la production actuelle du biogaz en Europe d\u2019ici 2020, le biom\u00e9thane fait partie de l\u2019avenir du gaz et s\u2019inscrit dans le concept d\u2019\u00e9conomie circulaire.<\/p>\n<p style=\"text-align: justify;\">\u00c0 court terme, des pays comme la Pologne lancent des appels d\u2019offres pour la construction de nombreuses usines de biogaz pour la production d\u2019\u00e9lectricit\u00e9, mais on peut s\u2019attendre \u00e0 ce que d\u2019ici peu de telles offres seront faites pour la production de biom\u00e9thane.<\/p>\n<h3 style=\"text-align: left;\"><span style=\"color: #000daa;\"><strong>Conf\u00e9rence EBA<\/strong><\/span><\/h3>\n<p style=\"text-align: justify;\">La 4e \u00e9dition de la Conf\u00e9rence EBA aura lieu en janvier 2018 et vise \u00e0 rejoindre encore plus de participants avec un march\u00e9 en croissance en Europe et dans le reste du monde. D\u2019ici l\u00e0, EBA et ses membres continuent de s\u2019investir pour l\u2019am\u00e9lioration du march\u00e9 du biom\u00e9thane et du biogaz pour un futur \u00e9nerg\u00e9tique durable.<\/p>\n<p style=\"text-align: justify;\"><strong>Source\u00a0: <\/strong><strong>EBA Conference<\/strong><\/p>\n","protected":false},"excerpt":{"rendered":"En septembre dernier a eu lieu la Conf\u00e9rence EBA 2016 (Association Europ\u00e9enne du Biogaz) \u00e0 Gand en Belgique. Plus de 200 d\u00e9l\u00e9gu\u00e9s provenant majoritairement d\u2019Europe, dont quelques participants nord-am\u00e9ricains, \u00e9taient r\u00e9unis pour parler de la prochaine r\u00e9volution du gaz, soit le biom\u00e9thane. Ouverture des dialogues \u00e0 la Conf\u00e9rence EBA 2016 Entre politiciens et experts de&#8230; <br\/><span>Lire plus<\/span>","protected":false},"author":2,"featured_media":5976,"comment_status":"closed","ping_status":"open","sticky":false,"template":"","format":"standard","meta":{"_acf_changed":false,"content-type":"","footnotes":""},"categories":[4,43,48,418,410,310],"tags":[],"class_list":["post-5974","post","type-post","status-publish","format-standard","has-post-thumbnail","hentry","category-biomethanisation","category-biogaz","category-biogas","category-biomethane-fr","category-infolettre","category-sponsorise"],"acf":[],"_links":{"self":[{"href":"https:\/\/biogasworld.com\/fr\/wp-json\/wp\/v2\/posts\/5974","targetHints":{"allow":["GET"]}}],"collection":[{"href":"https:\/\/biogasworld.com\/fr\/wp-json\/wp\/v2\/posts"}],"about":[{"href":"https:\/\/biogasworld.com\/fr\/wp-json\/wp\/v2\/types\/post"}],"author":[{"embeddable":true,"href":"https:\/\/biogasworld.com\/fr\/wp-json\/wp\/v2\/users\/2"}],"replies":[{"embeddable":true,"href":"https:\/\/biogasworld.com\/fr\/wp-json\/wp\/v2\/comments?post=5974"}],"version-history":[{"count":0,"href":"https:\/\/biogasworld.com\/fr\/wp-json\/wp\/v2\/posts\/5974\/revisions"}],"wp:featuredmedia":[{"embeddable":true,"href":"https:\/\/biogasworld.com\/fr\/wp-json\/wp\/v2\/media\/5976"}],"wp:attachment":[{"href":"https:\/\/biogasworld.com\/fr\/wp-json\/wp\/v2\/media?parent=5974"}],"wp:term":[{"taxonomy":"category","embeddable":true,"href":"https:\/\/biogasworld.com\/fr\/wp-json\/wp\/v2\/categories?post=5974"},{"taxonomy":"post_tag","embeddable":true,"href":"https:\/\/biogasworld.com\/fr\/wp-json\/wp\/v2\/tags?post=5974"}],"curies":[{"name":"wp","href":"https:\/\/api.w.org\/{rel}","templated":true}]}}